{"id":2034,"date":"2025-09-28T00:00:00","date_gmt":"2025-09-28T00:00:00","guid":{"rendered":""},"modified":"2025-09-28T00:00:00","modified_gmt":"2025-09-28T00:00:00","slug":"20250930234995","status":"publish","type":"post","link":"https:\/\/www.yvelinesradio.com\/radio\/2025\/09\/28\/20250930234995\/","title":{"rendered":"\u00ab\u00a0FIN, FIN et FIN\u00a0\u00bb au Th\u00e9\u00e2tre LEPIC"},"content":{"rendered":"<figure class=\"wp-block-image size-full\"><img decoding=\"async\" src=\"https:\/\/www.yvelinesradio.com\/infos\/chroniques\/SORTIES_A_PARIS___FIN__FIN_et_FIN__au_Th__tre_LEPIC__8049359632.jpg\"alt=\"\" class=\"wp-image-32\" \/><\/figure><figure class=\"wp-block-audio\"><audio controls src=\"https:\/\/www.yvelinesradio.com\/infos\/chroniques\/SORTIES_A_PARIS___FIN__FIN_et_FIN__au_Th__tre_LEPIC__1343835788.mp3\"><\/audio><\/figure><p>Une pi\u00e8ce de Lancelot CHERER\r\n\r\n \u00ab\u00a0Demain matin, c&rsquo;est le dernier lever de soleil. Le pr\u00e9sident a fait une annonce, le monde c&rsquo;est fini. Qu&rsquo;est-ce qu&rsquo;on fait ?  Est-ce qu&rsquo;on panique ? Est-ce qu&rsquo;on irait pas plut\u00f4t pique-niquer \u00e0 la plage? Profiter des derniers rayons de soleil !\r\n\r\nC&rsquo;est ce que choisissent de faire Charlie, Bastien, et Guillaume, nos trois protagonistes.\r\n\r\nPendant ce temps, une partie de la population ne se pose pas la m\u00eame question. Les contr\u00f4leurs contr\u00f4lent et les flics fliquent. \r\n\r\nLa soci\u00e9t\u00e9 est si solidement ancr\u00e9e dans les esprits que l&rsquo;apocalypse elle-m\u00eame ne suffit pas \u00e0 les en faire sortir. C&rsquo;est absurde. \r\n\r\nCe sont ces deux histoires li\u00e9es par un contexte apocalyptique que nous racontons avec humour et d\u00e9calage dans Fin, fin et fin.\u00a0\u00bb\r\n\r\nAvec:\r\n\r\nEug\u00e9nie THIEFFRY\r\n\r\nBaptiste DUPUY ou Enzo MONCHAUZOU\r\n\r\nLancelot CHERER\r\n\r\n \r\n\r\nSc\u00e9nographie: Lucie BARON\r\n\r\nLumi\u00e8res: Julien M\u00c9NARD\r\n\r\nCostumes: Sophie BENOIT\r\n\r\nMusique: Arthur DUPUY\r\n\r\n \r\n\r\n \r\n\r\nDu Mardi au Samedi \u00e0 21h00\r\n\r\nLes Dimanches \u00e0 17h00\r\n\r\n \r\n\r\nDur\u00e9e: 1h20\r\n\r\n \r\n\r\n\r\nTH\u00c9\u00c2TRE LEPIC\r\n\r\n01 42 54 15 12\r\n\r\n \r\n\r\n \r\n\r\nRobert BONNARDOT<\/p>","protected":false},"excerpt":{"rendered":"<p>Une pi\u00e8ce de Lancelot CHERER \u00ab\u00a0Demain matin, c&rsquo;est le dernier lever de soleil. Le pr\u00e9sident a fait une annonce, le monde c&rsquo;est fini. Qu&rsquo;est-ce qu&rsquo;on fait ? Est-ce qu&rsquo;on panique ? Est-ce qu&rsquo;on irait pas plut\u00f4t pique-niquer \u00e0 la plage? Profiter des derniers rayons de soleil ! C&rsquo;est ce que choisissent de faire Charlie, Bastien, [&hellip;]<\/p>\n","protected":false},"author":11,"featured_media":0,"comment_status":"closed","ping_status":"open","sticky":false,"template":"","format":"standard","meta":{"footnotes":""},"categories":[],"tags":[],"_links":{"self":[{"href":"https:\/\/www.yvelinesradio.com\/radio\/wp-json\/wp\/v2\/posts\/2034"}],"collection":[{"href":"https:\/\/www.yvelinesradio.com\/radio\/wp-json\/wp\/v2\/posts"}],"about":[{"href":"https:\/\/www.yvelinesradio.com\/radio\/wp-json\/wp\/v2\/types\/post"}],"author":[{"embeddable":true,"href":"https:\/\/www.yvelinesradio.com\/radio\/wp-json\/wp\/v2\/users\/11"}],"replies":[{"embeddable":true,"href":"https:\/\/www.yvelinesradio.com\/radio\/wp-json\/wp\/v2\/comments?post=2034"}],"version-history":[{"count":0,"href":"https:\/\/www.yvelinesradio.com\/radio\/wp-json\/wp\/v2\/posts\/2034\/revisions"}],"wp:attachment":[{"href":"https:\/\/www.yvelinesradio.com\/radio\/wp-json\/wp\/v2\/media?parent=2034"}],"wp:term":[{"taxonomy":"category","embeddable":true,"href":"https:\/\/www.yvelinesradio.com\/radio\/wp-json\/wp\/v2\/categories?post=2034"},{"taxonomy":"post_tag","embeddable":true,"href":"https:\/\/www.yvelinesradio.com\/radio\/wp-json\/wp\/v2\/tags?post=2034"}],"curies":[{"name":"wp","href":"https:\/\/api.w.org\/{rel}","templated":true}]}}