{"id":2029,"date":"2025-09-27T00:00:00","date_gmt":"2025-09-27T00:00:00","guid":{"rendered":""},"modified":"2025-09-27T00:00:00","modified_gmt":"2025-09-27T00:00:00","slug":"20250929917709","status":"publish","type":"post","link":"https:\/\/www.yvelinesradio.com\/radio\/2025\/09\/27\/20250929917709\/","title":{"rendered":"\u00ab\u00a0Mamie LUGER\u00a0\u00bb au Th\u00e9\u00e2tre L&rsquo;ESSA\u00cfON\u00a0\u00bb"},"content":{"rendered":"<figure class=\"wp-block-image size-full\"><img decoding=\"async\" src=\"https:\/\/www.yvelinesradio.com\/infos\/chroniques\/SORTIES_A_PARIS___Mamie_LUGER__au_Th__tre_L_ESSA_ON___7380567858.jpg\"alt=\"\" class=\"wp-image-32\" \/><\/figure><figure class=\"wp-block-audio\"><audio controls src=\"https:\/\/www.yvelinesradio.com\/infos\/chroniques\/SORTIES_A_PARIS___Mamie_LUGER__au_Th__tre_L_ESSA_ON___5308387760.mp3\"><\/audio><\/figure><p>Si ce spectacle n&rsquo;avait pas \u00e9t\u00e9 \u00e0 19h30, trop t\u00f4t pour moi, je serais volontiers venu le d\u00e9couvrir, d&rsquo;autant qu&rsquo;en 2016, j&rsquo;avais beaucoup aim\u00e9 la Mise en Sc\u00e8ne d&rsquo;Antoine HERBEZ, dans: \u00ab\u00a0Un Songe d&rsquo;Une Nuit d&rsquo;\u00c9t\u00e9\u00a0\u00bb, au Th\u00e9\u00e2tre 14.\r\n\r\nJe connais le th\u00e8me de ce roman de Bruno PHILIPPON  (\u00c9ditions Les Ar\u00e8nes &#8211; 2018)\r\n\r\nBerthe 102 ans, est une veuve noire, elle a enterr\u00e9 ses cinq maris, et elle doit en r\u00e9pondre devant l&rsquo;inspecteur Ventura.\r\n\r\nC&rsquo;est dr\u00f4le \u00e0 la lecture, et plus hilarant encore avec deux bons com\u00e9diens: \r\n\r\nJe vous recommande de ne pas rater, ce bon moment, de v\u00e9ritable humour.\r\n\r\nAvec:\r\n\r\nJosiane CARLE &#038; Antoine HERBEZ, qui signe la Mise en Sc\u00e8ne.\r\n\r\n \r\n\r\nLumi\u00e8res: Fouad SOUAKER\r\n\r\n \r\n\r\nJusqu&rsquo;au 1er Novembre 2025\r\n\r\nLes Vendredis et Samedis \u00e0 19h30\r\n\r\n \r\n\r\nDur\u00e9e: 1h15\r\n\r\n \r\n\r\n\r\nTH\u00c9\u00c2TRE L&rsquo;ESSA\u00cfON\r\n\r\n01 42 78 46 42\r\n\r\n \r\n\r\n \r\n\r\nRobert BONNARDOT<\/p>","protected":false},"excerpt":{"rendered":"<p>Si ce spectacle n&rsquo;avait pas \u00e9t\u00e9 \u00e0 19h30, trop t\u00f4t pour moi, je serais volontiers venu le d\u00e9couvrir, d&rsquo;autant qu&rsquo;en 2016, j&rsquo;avais beaucoup aim\u00e9 la Mise en Sc\u00e8ne d&rsquo;Antoine HERBEZ, dans: \u00ab\u00a0Un Songe d&rsquo;Une Nuit d&rsquo;\u00c9t\u00e9\u00a0\u00bb, au Th\u00e9\u00e2tre 14. Je connais le th\u00e8me de ce roman de Bruno PHILIPPON (\u00c9ditions Les Ar\u00e8nes &#8211; 2018) Berthe [&hellip;]<\/p>\n","protected":false},"author":11,"featured_media":0,"comment_status":"closed","ping_status":"open","sticky":false,"template":"","format":"standard","meta":{"footnotes":""},"categories":[],"tags":[],"_links":{"self":[{"href":"https:\/\/www.yvelinesradio.com\/radio\/wp-json\/wp\/v2\/posts\/2029"}],"collection":[{"href":"https:\/\/www.yvelinesradio.com\/radio\/wp-json\/wp\/v2\/posts"}],"about":[{"href":"https:\/\/www.yvelinesradio.com\/radio\/wp-json\/wp\/v2\/types\/post"}],"author":[{"embeddable":true,"href":"https:\/\/www.yvelinesradio.com\/radio\/wp-json\/wp\/v2\/users\/11"}],"replies":[{"embeddable":true,"href":"https:\/\/www.yvelinesradio.com\/radio\/wp-json\/wp\/v2\/comments?post=2029"}],"version-history":[{"count":0,"href":"https:\/\/www.yvelinesradio.com\/radio\/wp-json\/wp\/v2\/posts\/2029\/revisions"}],"wp:attachment":[{"href":"https:\/\/www.yvelinesradio.com\/radio\/wp-json\/wp\/v2\/media?parent=2029"}],"wp:term":[{"taxonomy":"category","embeddable":true,"href":"https:\/\/www.yvelinesradio.com\/radio\/wp-json\/wp\/v2\/categories?post=2029"},{"taxonomy":"post_tag","embeddable":true,"href":"https:\/\/www.yvelinesradio.com\/radio\/wp-json\/wp\/v2\/tags?post=2029"}],"curies":[{"name":"wp","href":"https:\/\/api.w.org\/{rel}","templated":true}]}}