{"id":2028,"date":"2025-09-27T00:00:00","date_gmt":"2025-09-27T00:00:00","guid":{"rendered":""},"modified":"2025-09-27T00:00:00","modified_gmt":"2025-09-27T00:00:00","slug":"20250928986325","status":"publish","type":"post","link":"https:\/\/www.yvelinesradio.com\/radio\/2025\/09\/27\/20250928986325\/","title":{"rendered":"\u00ab\u00a0C\u00c9LIM\u00c8NE ET LE CARDINAL\u00a0\u00bb au LUCERNAIRE"},"content":{"rendered":"<figure class=\"wp-block-image size-full\"><img decoding=\"async\" src=\"https:\/\/www.yvelinesradio.com\/infos\/chroniques\/SORTIES_A_PARIS___C_LIM_NE_ET_LE_CARDINAL__au_LUCERNAIRE__1547866343.jpg\"alt=\"\" class=\"wp-image-32\" \/><\/figure><figure class=\"wp-block-audio\"><audio controls src=\"https:\/\/www.yvelinesradio.com\/infos\/chroniques\/SORTIES_A_PARIS___C_LIM_NE_ET_LE_CARDINAL__au_LUCERNAIRE__0485803697.mp3\"><\/audio><\/figure><p>Alceste et C\u00e9lim\u00e8ne se sont aim\u00e9s, et ils se retrouvent vingt ans plus tard.\r\n\r\nLui, est devenu cardinal, elle est la m\u00e8re de quatre enfants&#8230;\r\n\r\nUn rencontre pleine de sentiments et de ressentiments.\r\n\r\nUne pi\u00e8ce en alexandrin, une belle mise en sc\u00e8ne, et deux com\u00e9diens qui nous font croire \u00e0 cette histoire.\r\n\r\nUn beau spectacle, dommage que la salle soit principalement compos\u00e9e de \u00ab\u00a0seniors\u00a0\u00bb, elle m\u00e9riterait la curiosit\u00e9 de gens plus jeunes, d&rsquo;\u00e9tudiants !\r\n\r\nNous devons ce tr\u00e8s beau dialogue \u00e0: Jacques RAMPAL\r\n\r\nAvec, deux excellents com\u00e9diens: Am\u00e9lie GONIN &#038; Robert PLAGNOL.\r\n\r\n \r\n\r\nSc\u00e9nographie: Brigitte VEYNE\r\n\r\nCostumes: Nathalie PRATS\r\n\r\nLumi\u00e8re: Didier BRUN\r\n\r\nMusique: Thomas BRIANT\r\n\r\n \r\n\r\nUne Mise en Sc\u00e8ne de la talentueuse: Fr\u00e9d\u00e9rique LAZARINI;\r\n\r\n \r\n\r\nJusqu&rsquo;au 7 D\u00e9cembre 2025\r\n\r\nDu Mercredi au Samedi \u00e0 21h00\r\n\r\nLes Dimanches \u00e0 18h00\r\n\r\n \r\n\r\nDur\u00e9e: 1h10\r\n\r\n \r\n\r\n\r\n \r\n\r\nTH\u00c9\u00c2TRE LE LUCERNAIRE\r\n\r\n(Salle Th\u00e9\u00e2tre Rouge)\r\n\r\n01 45 44 57 34\r\n\r\n \r\n\r\nRobert BONNARDOT\r\n\r\n<\/p>","protected":false},"excerpt":{"rendered":"<p>Alceste et C\u00e9lim\u00e8ne se sont aim\u00e9s, et ils se retrouvent vingt ans plus tard. Lui, est devenu cardinal, elle est la m\u00e8re de quatre enfants&#8230; Un rencontre pleine de sentiments et de ressentiments. Une pi\u00e8ce en alexandrin, une belle mise en sc\u00e8ne, et deux com\u00e9diens qui nous font croire \u00e0 cette histoire. Un beau spectacle, [&hellip;]<\/p>\n","protected":false},"author":11,"featured_media":0,"comment_status":"closed","ping_status":"open","sticky":false,"template":"","format":"standard","meta":{"footnotes":""},"categories":[],"tags":[],"_links":{"self":[{"href":"https:\/\/www.yvelinesradio.com\/radio\/wp-json\/wp\/v2\/posts\/2028"}],"collection":[{"href":"https:\/\/www.yvelinesradio.com\/radio\/wp-json\/wp\/v2\/posts"}],"about":[{"href":"https:\/\/www.yvelinesradio.com\/radio\/wp-json\/wp\/v2\/types\/post"}],"author":[{"embeddable":true,"href":"https:\/\/www.yvelinesradio.com\/radio\/wp-json\/wp\/v2\/users\/11"}],"replies":[{"embeddable":true,"href":"https:\/\/www.yvelinesradio.com\/radio\/wp-json\/wp\/v2\/comments?post=2028"}],"version-history":[{"count":0,"href":"https:\/\/www.yvelinesradio.com\/radio\/wp-json\/wp\/v2\/posts\/2028\/revisions"}],"wp:attachment":[{"href":"https:\/\/www.yvelinesradio.com\/radio\/wp-json\/wp\/v2\/media?parent=2028"}],"wp:term":[{"taxonomy":"category","embeddable":true,"href":"https:\/\/www.yvelinesradio.com\/radio\/wp-json\/wp\/v2\/categories?post=2028"},{"taxonomy":"post_tag","embeddable":true,"href":"https:\/\/www.yvelinesradio.com\/radio\/wp-json\/wp\/v2\/tags?post=2028"}],"curies":[{"name":"wp","href":"https:\/\/api.w.org\/{rel}","templated":true}]}}