{"id":2026,"date":"2025-09-26T00:00:00","date_gmt":"2025-09-26T00:00:00","guid":{"rendered":""},"modified":"2025-09-26T00:00:00","modified_gmt":"2025-09-26T00:00:00","slug":"2025092749454","status":"publish","type":"post","link":"https:\/\/www.yvelinesradio.com\/radio\/2025\/09\/26\/2025092749454\/","title":{"rendered":"\u00ab\u00a0GAGNANT GAGNANT\u00a0\u00bb \u00e0 La Com\u00e9die Bastille"},"content":{"rendered":"<figure class=\"wp-block-image size-full\"><img decoding=\"async\" src=\"https:\/\/www.yvelinesradio.com\/infos\/chroniques\/SORTIES_A_PARIS___GAGNANT_GAGNANT____La_Com_die_Bastille__4682865752.jpg\"alt=\"\" class=\"wp-image-32\" \/><\/figure><figure class=\"wp-block-audio\"><audio controls src=\"https:\/\/www.yvelinesradio.com\/infos\/chroniques\/SORTIES_A_PARIS___GAGNANT_GAGNANT____La_Com_die_Bastille__8930675477.mp3\"><\/audio><\/figure><p>En 2013, dans cette m\u00eame salle, j&rsquo;avais vu \u00ab\u00a0Venise sous la Neige\u00a0\u00bb, et en mars dernier, j&rsquo;ai applaudi \u00ab\u00a0Je m&rsquo;appelle Georges et Vous?\u00a0\u00bb au Th\u00e9\u00e2tre La Bruy\u00e8re, c&rsquo;est donc avec plaisir que je suis venu voir \u00ab\u00a0GAGNANT GAGNANT\u00a0\u00bb, un point commun entre toutes ces pi\u00e8ces, elles sont sign\u00e9es de Gilles DYREK, et il est au g\u00e9n\u00e9rique de celle-ci, et fait un grand num\u00e9ro, les spectateurs  rient, toutes les dix secondes !\r\n\r\nDes com\u00e9diens qui jouent plusieurs r\u00f4les, tous des  membres de \u00ab\u00a0Symbiosis Consultants\u00a0\u00bb, en pleine Convention.\r\n\r\nOn doit m\u00eame remettre le \u00ab\u00a0Symbio d&rsquo;Or\u00a0\u00bb, au plus m\u00e9ritant de l&rsquo;entreprise.\r\n\r\nC&rsquo;est \u00e0 peine exag\u00e9r\u00e9, avec des \u00e9v\u00e9nements similaires, dont j&rsquo;ai gard\u00e9 le souvenir&#8230;\r\n\r\nUn bon moment de franche rigolade !!!\r\n\r\nAvec:\r\n\r\nS\u00e9verine DEBELS\r\n\r\nXavier MARTEL\r\n\r\nBenjamin ALAZRAKI\r\n\r\nJean-Gilles BARBIER\r\n\r\net\r\n\r\nGilles  DYREK, l&rsquo;auteur qui signe la Mise en Sc\u00e8ne.\r\n\r\n \r\n\r\nJusqu&rsquo;au 3 Janvier 2026\r\n\r\nLes Mercredis \u00e0 19h00\r\n\r\nLes Jeudis \u00e0 21h00\r\n\r\nLes Vendredis \u00e0 19h00\r\n\r\nLes Samedis \u00e0 21h00\r\n\r\n \r\n\r\nDur\u00e9e: 1h20\r\n\r\n \r\n\r\n\r\nTH\u00c9\u00c2TRE LA COM\u00c9DIE BASTILLE\r\n\r\n01 48 07 52 07\r\n\r\n \r\n\r\n \r\n\r\nRobert BONNARDOT<\/p>","protected":false},"excerpt":{"rendered":"<p>En 2013, dans cette m\u00eame salle, j&rsquo;avais vu \u00ab\u00a0Venise sous la Neige\u00a0\u00bb, et en mars dernier, j&rsquo;ai applaudi \u00ab\u00a0Je m&rsquo;appelle Georges et Vous?\u00a0\u00bb au Th\u00e9\u00e2tre La Bruy\u00e8re, c&rsquo;est donc avec plaisir que je suis venu voir \u00ab\u00a0GAGNANT GAGNANT\u00a0\u00bb, un point commun entre toutes ces pi\u00e8ces, elles sont sign\u00e9es de Gilles DYREK, et il est au [&hellip;]<\/p>\n","protected":false},"author":11,"featured_media":0,"comment_status":"closed","ping_status":"open","sticky":false,"template":"","format":"standard","meta":{"footnotes":""},"categories":[],"tags":[],"_links":{"self":[{"href":"https:\/\/www.yvelinesradio.com\/radio\/wp-json\/wp\/v2\/posts\/2026"}],"collection":[{"href":"https:\/\/www.yvelinesradio.com\/radio\/wp-json\/wp\/v2\/posts"}],"about":[{"href":"https:\/\/www.yvelinesradio.com\/radio\/wp-json\/wp\/v2\/types\/post"}],"author":[{"embeddable":true,"href":"https:\/\/www.yvelinesradio.com\/radio\/wp-json\/wp\/v2\/users\/11"}],"replies":[{"embeddable":true,"href":"https:\/\/www.yvelinesradio.com\/radio\/wp-json\/wp\/v2\/comments?post=2026"}],"version-history":[{"count":0,"href":"https:\/\/www.yvelinesradio.com\/radio\/wp-json\/wp\/v2\/posts\/2026\/revisions"}],"wp:attachment":[{"href":"https:\/\/www.yvelinesradio.com\/radio\/wp-json\/wp\/v2\/media?parent=2026"}],"wp:term":[{"taxonomy":"category","embeddable":true,"href":"https:\/\/www.yvelinesradio.com\/radio\/wp-json\/wp\/v2\/categories?post=2026"},{"taxonomy":"post_tag","embeddable":true,"href":"https:\/\/www.yvelinesradio.com\/radio\/wp-json\/wp\/v2\/tags?post=2026"}],"curies":[{"name":"wp","href":"https:\/\/api.w.org\/{rel}","templated":true}]}}