{"id":2025,"date":"2025-09-24T00:00:00","date_gmt":"2025-09-24T00:00:00","guid":{"rendered":""},"modified":"2025-09-24T00:00:00","modified_gmt":"2025-09-24T00:00:00","slug":"20250926631584","status":"publish","type":"post","link":"https:\/\/www.yvelinesradio.com\/radio\/2025\/09\/24\/20250926631584\/","title":{"rendered":"\u00ab\u00a0Son odeur apr\u00e8s la pluie\u00a0\u00bb au Lucernaire"},"content":{"rendered":"<figure class=\"wp-block-image size-full\"><img decoding=\"async\" src=\"https:\/\/www.yvelinesradio.com\/infos\/chroniques\/SORTIES_A_PARIS___Son_odeur_apr_s_la_pluie__au_Lucernaire__0242511474.jpg\"alt=\"\" class=\"wp-image-32\" \/><\/figure><figure class=\"wp-block-audio\"><audio controls src=\"https:\/\/www.yvelinesradio.com\/infos\/chroniques\/SORTIES_A_PARIS___Son_odeur_apr_s_la_pluie__au_Lucernaire__6153713028.mp3\"><\/audio><\/figure><p>Un joli spectacle dans la salle \u00ab\u00a0Paradis\u00a0\u00bb, du Th\u00e9\u00e2tre Le Lucernaire.\r\n\r\n\u00ab\u00a0SON ODEUR APR\u00c8S LA PLUIE\u00a0\u00bb, une adaptation pour le th\u00e9\u00e2tre du roman de C\u00e9dric SAPIN-DUFOUR, (\u00c9ditions Stock).\r\n\r\nUne belle id\u00e9e de V\u00e9ronique BOUTONNET.\r\n\r\n \r\n\r\n\u00ab\u00a0Une histoire d&rsquo;amour, de vie et de mort. Un amour universel, inconditionnel. Cet amour unit\r\n\r\ndeux \u00eatres n&rsquo;appartenant pas \u00e0 la m\u00eame esp\u00e8ce : un humain et son chien.\u00a0\u00bb\r\n\r\nAvec: Marie-H\u00e9l\u00e8ne GOUDET\r\n\r\nCr\u00e9ation Sonore et Musicale: Glaze FURTIVO\r\n\r\nSc\u00e9nographie\/Lumi\u00e8res: Richard ARSELIN\r\n\r\n \r\n\r\nMise en Sc\u00e8ne: V\u00e9ronique BOUTONNET &#038; Richard ARSELIN\r\n\r\n \r\n\r\nDur\u00e9e: 1h15\r\n\r\n \r\n\r\nJusqu&rsquo;au 9 Novembre 2025\r\n\r\nDu Mercredi au Samedi \u00e0 21h00\r\n\r\nLes Dimanches \u00e0 17h30\r\n\r\n \r\n\r\n\r\nTH\u00c9\u00c2TRE LE LUCERNAIRE\r\n\r\n(Salle Paradis)\r\n\r\n01 45 44 57 34\r\n\r\n \r\n\r\n \r\n\r\nRobert BONNARDOT\r\n\r\n<\/p>","protected":false},"excerpt":{"rendered":"<p>Un joli spectacle dans la salle \u00ab\u00a0Paradis\u00a0\u00bb, du Th\u00e9\u00e2tre Le Lucernaire. \u00ab\u00a0SON ODEUR APR\u00c8S LA PLUIE\u00a0\u00bb, une adaptation pour le th\u00e9\u00e2tre du roman de C\u00e9dric SAPIN-DUFOUR, (\u00c9ditions Stock). Une belle id\u00e9e de V\u00e9ronique BOUTONNET. \u00ab\u00a0Une histoire d&rsquo;amour, de vie et de mort. Un amour universel, inconditionnel. Cet amour unit deux \u00eatres n&rsquo;appartenant pas \u00e0 la [&hellip;]<\/p>\n","protected":false},"author":11,"featured_media":0,"comment_status":"closed","ping_status":"open","sticky":false,"template":"","format":"standard","meta":{"footnotes":""},"categories":[],"tags":[],"_links":{"self":[{"href":"https:\/\/www.yvelinesradio.com\/radio\/wp-json\/wp\/v2\/posts\/2025"}],"collection":[{"href":"https:\/\/www.yvelinesradio.com\/radio\/wp-json\/wp\/v2\/posts"}],"about":[{"href":"https:\/\/www.yvelinesradio.com\/radio\/wp-json\/wp\/v2\/types\/post"}],"author":[{"embeddable":true,"href":"https:\/\/www.yvelinesradio.com\/radio\/wp-json\/wp\/v2\/users\/11"}],"replies":[{"embeddable":true,"href":"https:\/\/www.yvelinesradio.com\/radio\/wp-json\/wp\/v2\/comments?post=2025"}],"version-history":[{"count":0,"href":"https:\/\/www.yvelinesradio.com\/radio\/wp-json\/wp\/v2\/posts\/2025\/revisions"}],"wp:attachment":[{"href":"https:\/\/www.yvelinesradio.com\/radio\/wp-json\/wp\/v2\/media?parent=2025"}],"wp:term":[{"taxonomy":"category","embeddable":true,"href":"https:\/\/www.yvelinesradio.com\/radio\/wp-json\/wp\/v2\/categories?post=2025"},{"taxonomy":"post_tag","embeddable":true,"href":"https:\/\/www.yvelinesradio.com\/radio\/wp-json\/wp\/v2\/tags?post=2025"}],"curies":[{"name":"wp","href":"https:\/\/api.w.org\/{rel}","templated":true}]}}