{"id":2022,"date":"2025-09-23T00:00:00","date_gmt":"2025-09-23T00:00:00","guid":{"rendered":""},"modified":"2025-09-23T00:00:00","modified_gmt":"2025-09-23T00:00:00","slug":"20250925669436","status":"publish","type":"post","link":"https:\/\/www.yvelinesradio.com\/radio\/2025\/09\/23\/20250925669436\/","title":{"rendered":"\u00ab\u00a0IRR\u00c9 ZIZE TIBLE\u00a0\u00bb \u00e0 LA COM\u00c9DIE BASTILLE"},"content":{"rendered":"<figure class=\"wp-block-image size-full\"><img decoding=\"async\" src=\"https:\/\/www.yvelinesradio.com\/infos\/chroniques\/SORTIES_A_PARIS___IRR__ZIZE_TIBLE____LA_COM_DIE_BASTILLE__7143937012.jpg\"alt=\"\" class=\"wp-image-32\" \/><\/figure><figure class=\"wp-block-audio\"><audio controls src=\"https:\/\/www.yvelinesradio.com\/infos\/chroniques\/SORTIES_A_PARIS___IRR__ZIZE_TIBLE____LA_COM_DIE_BASTILLE__7446899322.mp3\"><\/audio><\/figure><p>Un nouvel \u00e9pisode de la vie de ZIZE, personnage l\u00e9gendaire qui fleure bon la canebi\u00e8re.\r\n\r\n\u00c0 son \u00e2ge, c&rsquo;est la d\u00e9couverte de la m\u00e9nopause. Son mari est parti avec une jeunette, et son fils va la faire grand-m\u00e8re !\r\n\r\nEn 2012, j&rsquo;avais vu  &#8211; et bien ri &#8211; \u00e0 son spectacle \u00ab\u00a0ZIZE 100% Marseillaise\u00a0\u00bb.\r\n\r\nEn 2017: \u00ab\u00a0Dans la famille Mamma Mia!\u00a0\u00bb\r\n\r\n \r\n\r\nZIZE, c&rsquo;est Thierry WILSON: Cours Florent avec Raymond Acquaviva, puis il devient transformiste \u00ab\u00a0Chez madame Arthur\u00a0\u00bb en 1989.\r\n\r\nIl \u00e9pouse Coccinelle en 1990, et ils ouvrent \u00ab\u00a0Chez Coccinelle\u00a0\u00bb \u00e0 Marseille..\r\n\r\nApr\u00e8s une courte p\u00e9riode de maquilleur de th\u00e9\u00e2tre et de cin\u00e9ma, il revient \u00ab\u00a0Chez Michou\u00a0\u00bb, o\u00f9 il sera Lara Fabian, Tina Ar\u00e9na ou Muriel Robin.\r\n\r\nCe personnage de ZIZE, lui permet d&rsquo;incarner une figure pittoresque du Marseille de l\u00e9gende.\r\n\r\n \r\n\r\nDu 23 Septembre 2025 au 4 Janvier 2026\r\n\r\nLundi et Mardi \u00e0 20h00\r\n\r\nLes Dimanches \u00e0 17h00\r\n\r\n \r\n\r\n\r\n \r\n\r\nTH\u00c9\u00c2TRE LA COM\u00c9DIE BASTILLE\r\n\r\n01 48 07 52 07\r\n\r\n \r\n\r\n \r\n\r\nRobert BONNARDOT<\/p>","protected":false},"excerpt":{"rendered":"<p>Un nouvel \u00e9pisode de la vie de ZIZE, personnage l\u00e9gendaire qui fleure bon la canebi\u00e8re. \u00c0 son \u00e2ge, c&rsquo;est la d\u00e9couverte de la m\u00e9nopause. Son mari est parti avec une jeunette, et son fils va la faire grand-m\u00e8re ! En 2012, j&rsquo;avais vu &#8211; et bien ri &#8211; \u00e0 son spectacle \u00ab\u00a0ZIZE 100% Marseillaise\u00a0\u00bb. En [&hellip;]<\/p>\n","protected":false},"author":11,"featured_media":0,"comment_status":"closed","ping_status":"open","sticky":false,"template":"","format":"standard","meta":{"footnotes":""},"categories":[],"tags":[],"_links":{"self":[{"href":"https:\/\/www.yvelinesradio.com\/radio\/wp-json\/wp\/v2\/posts\/2022"}],"collection":[{"href":"https:\/\/www.yvelinesradio.com\/radio\/wp-json\/wp\/v2\/posts"}],"about":[{"href":"https:\/\/www.yvelinesradio.com\/radio\/wp-json\/wp\/v2\/types\/post"}],"author":[{"embeddable":true,"href":"https:\/\/www.yvelinesradio.com\/radio\/wp-json\/wp\/v2\/users\/11"}],"replies":[{"embeddable":true,"href":"https:\/\/www.yvelinesradio.com\/radio\/wp-json\/wp\/v2\/comments?post=2022"}],"version-history":[{"count":0,"href":"https:\/\/www.yvelinesradio.com\/radio\/wp-json\/wp\/v2\/posts\/2022\/revisions"}],"wp:attachment":[{"href":"https:\/\/www.yvelinesradio.com\/radio\/wp-json\/wp\/v2\/media?parent=2022"}],"wp:term":[{"taxonomy":"category","embeddable":true,"href":"https:\/\/www.yvelinesradio.com\/radio\/wp-json\/wp\/v2\/categories?post=2022"},{"taxonomy":"post_tag","embeddable":true,"href":"https:\/\/www.yvelinesradio.com\/radio\/wp-json\/wp\/v2\/tags?post=2022"}],"curies":[{"name":"wp","href":"https:\/\/api.w.org\/{rel}","templated":true}]}}