{"id":2021,"date":"2025-09-23T00:00:00","date_gmt":"2025-09-23T00:00:00","guid":{"rendered":""},"modified":"2025-09-23T00:00:00","modified_gmt":"2025-09-23T00:00:00","slug":"20250925397712","status":"publish","type":"post","link":"https:\/\/www.yvelinesradio.com\/radio\/2025\/09\/23\/20250925397712\/","title":{"rendered":"\u00ab\u00a0RADIO MICHEL\u00a0\u00bb Th\u00e9\u00e2tre La Sc\u00e8ne Parisienne"},"content":{"rendered":"<figure class=\"wp-block-image size-full\"><img decoding=\"async\" src=\"https:\/\/www.yvelinesradio.com\/infos\/chroniques\/SORTIES_A_PARIS___RADIO_MICHEL__Th__tre_La_Sc_ne_Parisien__5165534319.jpg\"alt=\"\" class=\"wp-image-32\" \/><\/figure><figure class=\"wp-block-audio\"><audio controls src=\"https:\/\/www.yvelinesradio.com\/infos\/chroniques\/SORTIES_A_PARIS___RADIO_MICHEL__Th__tre_La_Sc_ne_Parisien__6509180487.mp3\"><\/audio><\/figure><p>Nous sommes en 2120, et plus personne ne s&rsquo;appelle MICHEL, alors la radio du m\u00eame nom rend hommage \u00e0 toutes ces gloires de la chanson.\r\n\r\nFugain, Berger, Sardou, Polnareff, Delpech, Mich\u00e8le Torr, et d&rsquo;autres encore&#8230;\r\n\r\nC&rsquo;est donc un spectacle joyeux, qui va vous inciter \u00e0 taper dans vos mains et vous faire passer une tr\u00e8s agr\u00e9able soir\u00e9e.\r\n\r\n \r\n\r\nAvec:\r\n\r\nEmmanuel DARCHIS\r\n\r\nCamille DAUDET\r\n\r\nSandra IGNACIO\r\n\r\nFranck ISOART\r\n\r\nAlexandre ROZIER\r\n\r\nSacha UZAN\r\n\r\nVincent VANWAELSCAPEL\r\n\r\n \r\n\r\nMusiciens:\r\n\r\nJordan ASSOULINE &#8211; Fr\u00e9d\u00e9ric ALBRECHT, Ana\u00efs BOZINO,\r\n\r\nHugo CARAYON, Thierry LEN\u00c9ZET\r\n\r\n \r\n\r\nCostumes: Alexia PICK\r\n\r\nChor\u00e9graphies: Ang\u00e9line PETIT\r\n\r\n \r\n\r\nLivret\/Direction Musicale et Mise en Sc\u00e8ne: Julien BALDACCHINO\r\n\r\nassist\u00e9 de Gou\u00ebnaelle BUFFARD et Baptiste COLLION\r\n\r\n \r\n\r\nDu 23 Septembre 2025 au 24 f\u00e9vrier 2026\r\n\r\nLes Mardis \u00e0 21h30\r\n\r\n \r\n\r\nDur\u00e9e: 1h30\r\n\r\n \r\n\r\n \r\n\r\n\r\n \r\n\r\nTH\u00c9\u00c2TRE LA SC\u00c8NE PARISIENNE\r\n\r\n01 42 46 03 63\r\n\r\n \r\n\r\n \r\n\r\nRobert BONNARDOT<\/p>","protected":false},"excerpt":{"rendered":"<p>Nous sommes en 2120, et plus personne ne s&rsquo;appelle MICHEL, alors la radio du m\u00eame nom rend hommage \u00e0 toutes ces gloires de la chanson. Fugain, Berger, Sardou, Polnareff, Delpech, Mich\u00e8le Torr, et d&rsquo;autres encore&#8230; C&rsquo;est donc un spectacle joyeux, qui va vous inciter \u00e0 taper dans vos mains et vous faire passer une tr\u00e8s [&hellip;]<\/p>\n","protected":false},"author":11,"featured_media":0,"comment_status":"closed","ping_status":"open","sticky":false,"template":"","format":"standard","meta":{"footnotes":""},"categories":[],"tags":[],"_links":{"self":[{"href":"https:\/\/www.yvelinesradio.com\/radio\/wp-json\/wp\/v2\/posts\/2021"}],"collection":[{"href":"https:\/\/www.yvelinesradio.com\/radio\/wp-json\/wp\/v2\/posts"}],"about":[{"href":"https:\/\/www.yvelinesradio.com\/radio\/wp-json\/wp\/v2\/types\/post"}],"author":[{"embeddable":true,"href":"https:\/\/www.yvelinesradio.com\/radio\/wp-json\/wp\/v2\/users\/11"}],"replies":[{"embeddable":true,"href":"https:\/\/www.yvelinesradio.com\/radio\/wp-json\/wp\/v2\/comments?post=2021"}],"version-history":[{"count":0,"href":"https:\/\/www.yvelinesradio.com\/radio\/wp-json\/wp\/v2\/posts\/2021\/revisions"}],"wp:attachment":[{"href":"https:\/\/www.yvelinesradio.com\/radio\/wp-json\/wp\/v2\/media?parent=2021"}],"wp:term":[{"taxonomy":"category","embeddable":true,"href":"https:\/\/www.yvelinesradio.com\/radio\/wp-json\/wp\/v2\/categories?post=2021"},{"taxonomy":"post_tag","embeddable":true,"href":"https:\/\/www.yvelinesradio.com\/radio\/wp-json\/wp\/v2\/tags?post=2021"}],"curies":[{"name":"wp","href":"https:\/\/api.w.org\/{rel}","templated":true}]}}