{"id":2020,"date":"2025-09-22T00:00:00","date_gmt":"2025-09-22T00:00:00","guid":{"rendered":""},"modified":"2025-09-22T00:00:00","modified_gmt":"2025-09-22T00:00:00","slug":"20250924254936","status":"publish","type":"post","link":"https:\/\/www.yvelinesradio.com\/radio\/2025\/09\/22\/20250924254936\/","title":{"rendered":"\u00ab\u00a012 HOMMES EN COL\u00c8RE\u00a0\u00bb 9\u00e8me Saison &#8211; Th\u00e9\u00e2tre H\u00e9bertot"},"content":{"rendered":"<figure class=\"wp-block-image size-full\"><img decoding=\"async\" src=\"https:\/\/www.yvelinesradio.com\/infos\/chroniques\/SORTIES_A_PARIS______HOMMES_EN_COL_RE____me_Saison___Th____3003652139.jpg\"alt=\"\" class=\"wp-image-32\" \/><\/figure><figure class=\"wp-block-audio\"><audio controls src=\"https:\/\/www.yvelinesradio.com\/infos\/chroniques\/SORTIES_A_PARIS______HOMMES_EN_COL_RE____me_Saison___Th____9566121871.mp3\"><\/audio><\/figure><p>Une pi\u00e8ce de Reginald ROSE, adapt\u00e9e par Francis LOMBRAIL;\r\n\r\nCe chef-d&rsquo;oeuvre revient au Th\u00e9\u00e2tre H\u00e9bertot d\u00e8s le 25 Septembre 2025, pour une 9\u00e8me saison, et d\u00e9j\u00e0 plus de 300 000 spectateurs.\r\n\r\nCe huis clos o\u00f9 il y a une tension extr\u00e8me, est \u00e0 voir sans faute, et m\u00eame \u00e0 revoir, pour d&rsquo;autres.\r\n\r\nAvec:\r\n\r\nAntoine COURTRAY\r\n\r\nPhilippe CRUBEZY\r\n\r\nOlivier CRUVEILLER\r\n\r\nAdel DJEMAI\r\n\r\nChristian DRILLAUD\r\n\r\nClaude GUEDJ\r\n\r\nXavier DE GUILLEBON\r\n\r\nFlorent HILL-CHOUAKI\r\n\r\nYves LAMBRECHT\r\n\r\nRoch LEIBOVICI\r\n\r\nPierre-Alain LELEU\r\n\r\nFrancis LOMBRAIL\r\n\r\nCharlie NELSON\r\n\r\nFran\u00e7ois RAUCH DE ROBERTY\r\n\r\nPascal TERNISIEN\r\n\r\n \r\n\r\nD\u00e9cors: Vincent TORDJMAN\r\n\r\nLumi\u00e8res: Christian PINAUD\r\n\r\nCostumes: Cidalia DA COSTA\r\n\r\nMusique: VICNET\r\n\r\n \r\n\r\nMise en Sc\u00e8ne: Charles TORDJMAN, assist\u00e9 de Pauline MASSON\r\n\r\n \r\n\r\nD\u00e8s le 25 Septembre\r\n\r\nLes Jeudis, Vendredis et Samedis \u00e0 19h00\r\n\r\n \r\n\r\nDur\u00e9e: 1h20\r\n \r\n\r\n \r\n\r\n\r\nTH\u00c9\u00c2TRE H\u00c9BERTOT\r\n\r\n01 43 87 23 23\r\n\r\n \r\n\r\n \r\n\r\nRobert BONNARDOT<\/p>","protected":false},"excerpt":{"rendered":"<p>Une pi\u00e8ce de Reginald ROSE, adapt\u00e9e par Francis LOMBRAIL; Ce chef-d&rsquo;oeuvre revient au Th\u00e9\u00e2tre H\u00e9bertot d\u00e8s le 25 Septembre 2025, pour une 9\u00e8me saison, et d\u00e9j\u00e0 plus de 300 000 spectateurs. Ce huis clos o\u00f9 il y a une tension extr\u00e8me, est \u00e0 voir sans faute, et m\u00eame \u00e0 revoir, pour d&rsquo;autres. Avec: Antoine COURTRAY [&hellip;]<\/p>\n","protected":false},"author":11,"featured_media":0,"comment_status":"closed","ping_status":"open","sticky":false,"template":"","format":"standard","meta":{"footnotes":""},"categories":[],"tags":[],"_links":{"self":[{"href":"https:\/\/www.yvelinesradio.com\/radio\/wp-json\/wp\/v2\/posts\/2020"}],"collection":[{"href":"https:\/\/www.yvelinesradio.com\/radio\/wp-json\/wp\/v2\/posts"}],"about":[{"href":"https:\/\/www.yvelinesradio.com\/radio\/wp-json\/wp\/v2\/types\/post"}],"author":[{"embeddable":true,"href":"https:\/\/www.yvelinesradio.com\/radio\/wp-json\/wp\/v2\/users\/11"}],"replies":[{"embeddable":true,"href":"https:\/\/www.yvelinesradio.com\/radio\/wp-json\/wp\/v2\/comments?post=2020"}],"version-history":[{"count":0,"href":"https:\/\/www.yvelinesradio.com\/radio\/wp-json\/wp\/v2\/posts\/2020\/revisions"}],"wp:attachment":[{"href":"https:\/\/www.yvelinesradio.com\/radio\/wp-json\/wp\/v2\/media?parent=2020"}],"wp:term":[{"taxonomy":"category","embeddable":true,"href":"https:\/\/www.yvelinesradio.com\/radio\/wp-json\/wp\/v2\/categories?post=2020"},{"taxonomy":"post_tag","embeddable":true,"href":"https:\/\/www.yvelinesradio.com\/radio\/wp-json\/wp\/v2\/tags?post=2020"}],"curies":[{"name":"wp","href":"https:\/\/api.w.org\/{rel}","templated":true}]}}