{"id":2017,"date":"2025-09-21T00:00:00","date_gmt":"2025-09-21T00:00:00","guid":{"rendered":""},"modified":"2025-09-21T00:00:00","modified_gmt":"2025-09-21T00:00:00","slug":"20250923740736","status":"publish","type":"post","link":"https:\/\/www.yvelinesradio.com\/radio\/2025\/09\/21\/20250923740736\/","title":{"rendered":"\u00ab\u00a0UN PAS DE C\u00d4T\u00c9\u00a0\u00bb au Th\u00e9\u00e2tre de La RENAISSANCDE"},"content":{"rendered":"<figure class=\"wp-block-image size-full\"><img decoding=\"async\" src=\"https:\/\/www.yvelinesradio.com\/infos\/chroniques\/SORTIES_A_PARIS___UN_PAS_DE_C_T___au_Th__tre_de_La_RENAIS__7965642825.jpg\"alt=\"\" class=\"wp-image-32\" \/><\/figure><figure class=\"wp-block-audio\"><audio controls src=\"https:\/\/www.yvelinesradio.com\/infos\/chroniques\/SORTIES_A_PARIS___UN_PAS_DE_C_T___au_Th__tre_de_La_RENAIS__5398232726.mp3\"><\/audio><\/figure><p>En ce m\u00eame th\u00e9\u00e2tre, en 2019, j&rsquo;avais vu, avec les  deux com\u00e9diens, \u00ab\u00a0La D\u00e9gustation\u00a0\u00bb, qui a remport\u00e9 un grand succ\u00e8s, et est devenu un film.\r\n\r\nNous retrouvons Isabelle CARR\u00c9 et Bernard CAMPAN, avec grand plaisir, pour une gentille com\u00e9die romantique, sign\u00e9e de l&rsquo;excellente Anne GIAFFERI.\r\n\r\nDeux coeurs pris, mais pr\u00eat \u00e0 s&rsquo;\u00e9prende.\r\n\r\nIls ont fait connaissance sur un banc o\u00f9 ils viennent d\u00e9jeuner.\r\n\r\nDeux quinquag\u00e9naires s\u00e9duisants, qui se rencontrent et s&rsquo;apprivoisent&#8230;\r\n\r\nJe ne vous dirais rien de la suite, mais je vous promets un beau moment de th\u00e9\u00e2tre avec ces deux com\u00e9diens \u00e9blouissants, ici entour\u00e9s d&rsquo;artistes de talent.\r\n\r\nEn ce dernier dimanche d&rsquo;\u00e9t\u00e9, la salle \u00e9tait archipleine, et le sera !\r\n\r\nNe boudez pas votre plaisir !\r\n\r\n \r\n\r\nAvec:\r\n\r\nIsabelle CARR\u00c9\r\n\r\nBernard CAMPAN\r\n\r\nH\u00e9l\u00e8ne BABU\r\n\r\nKelly GOWRY\r\n\r\nStanislas STANIC\r\n\r\nPierre-Antoine SUAREZ\r\n\r\n \r\n\r\nD\u00e9cors: Alain LAGARDE\r\n\r\nCostumes: C\u00e9cile MAGNAN\r\n\r\nLumi\u00e8res: Christian PINAUD\r\n\r\n \r\n\r\nMise en Sc\u00e8ne: Anne GIAFFERI, assist\u00e9e de Kelly GOWRY\r\n\r\n \r\n\r\nDu Jeudi au Dimanche \u00e0 19h00\r\n\r\nMatin\u00e9e le Dimanche \u00e0 17h00\r\n\r\n \r\n\r\nDur\u00e9e: 1h20\r\n\r\n \r\n\r\n\r\n \r\n\r\nTH\u00c9\u00c2TRE DE LA RENAISSANCE\r\n\r\n01 42 08 18 50\r\n\r\n \r\n\r\n \r\n\r\nRobert BONNARDOT<\/p>","protected":false},"excerpt":{"rendered":"<p>En ce m\u00eame th\u00e9\u00e2tre, en 2019, j&rsquo;avais vu, avec les deux com\u00e9diens, \u00ab\u00a0La D\u00e9gustation\u00a0\u00bb, qui a remport\u00e9 un grand succ\u00e8s, et est devenu un film. Nous retrouvons Isabelle CARR\u00c9 et Bernard CAMPAN, avec grand plaisir, pour une gentille com\u00e9die romantique, sign\u00e9e de l&rsquo;excellente Anne GIAFFERI. Deux coeurs pris, mais pr\u00eat \u00e0 s&rsquo;\u00e9prende. Ils ont fait [&hellip;]<\/p>\n","protected":false},"author":11,"featured_media":0,"comment_status":"closed","ping_status":"open","sticky":false,"template":"","format":"standard","meta":{"footnotes":""},"categories":[],"tags":[],"_links":{"self":[{"href":"https:\/\/www.yvelinesradio.com\/radio\/wp-json\/wp\/v2\/posts\/2017"}],"collection":[{"href":"https:\/\/www.yvelinesradio.com\/radio\/wp-json\/wp\/v2\/posts"}],"about":[{"href":"https:\/\/www.yvelinesradio.com\/radio\/wp-json\/wp\/v2\/types\/post"}],"author":[{"embeddable":true,"href":"https:\/\/www.yvelinesradio.com\/radio\/wp-json\/wp\/v2\/users\/11"}],"replies":[{"embeddable":true,"href":"https:\/\/www.yvelinesradio.com\/radio\/wp-json\/wp\/v2\/comments?post=2017"}],"version-history":[{"count":0,"href":"https:\/\/www.yvelinesradio.com\/radio\/wp-json\/wp\/v2\/posts\/2017\/revisions"}],"wp:attachment":[{"href":"https:\/\/www.yvelinesradio.com\/radio\/wp-json\/wp\/v2\/media?parent=2017"}],"wp:term":[{"taxonomy":"category","embeddable":true,"href":"https:\/\/www.yvelinesradio.com\/radio\/wp-json\/wp\/v2\/categories?post=2017"},{"taxonomy":"post_tag","embeddable":true,"href":"https:\/\/www.yvelinesradio.com\/radio\/wp-json\/wp\/v2\/tags?post=2017"}],"curies":[{"name":"wp","href":"https:\/\/api.w.org\/{rel}","templated":true}]}}