{"id":2013,"date":"2025-09-20T00:00:00","date_gmt":"2025-09-20T00:00:00","guid":{"rendered":""},"modified":"2025-09-20T00:00:00","modified_gmt":"2025-09-20T00:00:00","slug":"20250922991002","status":"publish","type":"post","link":"https:\/\/www.yvelinesradio.com\/radio\/2025\/09\/20\/20250922991002\/","title":{"rendered":"\u00ab\u00a0ORSO ET LE SECRET DES \u00c9TOILES\u00a0\u00bb au GRAND REX"},"content":{"rendered":"<figure class=\"wp-block-image size-full\"><img decoding=\"async\" src=\"https:\/\/www.yvelinesradio.com\/infos\/chroniques\/SORTIES_A_PARIS___ORSO_ET_LE_SECRET_DES__TOILES__au_GRAND__5087374168.jpg\"alt=\"\" class=\"wp-image-32\" \/><\/figure><figure class=\"wp-block-audio\"><audio controls src=\"https:\/\/www.yvelinesradio.com\/infos\/chroniques\/SORTIES_A_PARIS___ORSO_ET_LE_SECRET_DES__TOILES__au_GRAND__8217864963.mp3\"><\/audio><\/figure><p>Un joli conte pour toute la famille, et le plaisir des parents de voir le regard \u00e9merveill\u00e9 de leurs petites t\u00eates blondes, et de toutes les autres couleurs.\r\n\r\nC&rsquo;est une com\u00e9die musicale qui fait partager le bonheur !\r\n\r\nUn spectacle \u00e9crit par Sylvie GAILLARD\r\n\r\nAvec:\r\n\r\nSimon DRAI\r\n\r\nLaurent LE DOYEN\r\n\r\nPaul LOFFERON\r\n\r\nRobin MORGENTHALER\r\n\r\nAlyssa POTTIER\r\n\r\nVirginie RAMIS\r\n\r\nEt la participation exceptionnelle de Claudia TAGBO, dans le r\u00f4le du \u00ab\u00a0Soleil\u00a0\u00bb.\r\n\r\nAvec les chansons de:\r\n\r\nGaetan ROUSSEL\r\n\r\nPierre-Dominique BURGAUD\r\n\r\nNACH\r\n\r\nMartin LUMINET\r\n\r\nBenjamin GEFFEN\r\n\r\nJohn DADA\r\n\r\n \r\n\r\nMise en Sc\u00e8ne: Ludovic MARCATO\r\n\r\n \r\n\r\nDu 24 Septembre au 2 Novembre 2025\r\n\r\n24 Septembre \u00e0 15h00\r\n\r\n26 Octobre \u00e0 15h00\r\n\r\n28 Octobre \u00e0 15h00\r\n\r\n29 Octobre \u00e0 15h00\r\n\r\n30 Octobre \u00e0 15h00\r\n\r\n31 Octobre \u00e0 15h00\r\n\r\n1er Novembre \u00e0 11h00 et \u00e0 15h00\r\n\r\n2    Novembre \u00e0 11h00 et 14h30\r\n\r\n \r\n\r\nDur\u00e9e: 1h30\r\n\r\n \r\n\r\n\r\n \r\n\r\nLE GRAND REX\r\n\r\n01 45 08 93 89\r\n\r\n \r\n\r\n \r\n\r\nRobert BONNARDOT<\/p>","protected":false},"excerpt":{"rendered":"<p>Un joli conte pour toute la famille, et le plaisir des parents de voir le regard \u00e9merveill\u00e9 de leurs petites t\u00eates blondes, et de toutes les autres couleurs. C&rsquo;est une com\u00e9die musicale qui fait partager le bonheur ! Un spectacle \u00e9crit par Sylvie GAILLARD Avec: Simon DRAI Laurent LE DOYEN Paul LOFFERON Robin MORGENTHALER Alyssa [&hellip;]<\/p>\n","protected":false},"author":11,"featured_media":0,"comment_status":"closed","ping_status":"open","sticky":false,"template":"","format":"standard","meta":{"footnotes":""},"categories":[],"tags":[],"_links":{"self":[{"href":"https:\/\/www.yvelinesradio.com\/radio\/wp-json\/wp\/v2\/posts\/2013"}],"collection":[{"href":"https:\/\/www.yvelinesradio.com\/radio\/wp-json\/wp\/v2\/posts"}],"about":[{"href":"https:\/\/www.yvelinesradio.com\/radio\/wp-json\/wp\/v2\/types\/post"}],"author":[{"embeddable":true,"href":"https:\/\/www.yvelinesradio.com\/radio\/wp-json\/wp\/v2\/users\/11"}],"replies":[{"embeddable":true,"href":"https:\/\/www.yvelinesradio.com\/radio\/wp-json\/wp\/v2\/comments?post=2013"}],"version-history":[{"count":0,"href":"https:\/\/www.yvelinesradio.com\/radio\/wp-json\/wp\/v2\/posts\/2013\/revisions"}],"wp:attachment":[{"href":"https:\/\/www.yvelinesradio.com\/radio\/wp-json\/wp\/v2\/media?parent=2013"}],"wp:term":[{"taxonomy":"category","embeddable":true,"href":"https:\/\/www.yvelinesradio.com\/radio\/wp-json\/wp\/v2\/categories?post=2013"},{"taxonomy":"post_tag","embeddable":true,"href":"https:\/\/www.yvelinesradio.com\/radio\/wp-json\/wp\/v2\/tags?post=2013"}],"curies":[{"name":"wp","href":"https:\/\/api.w.org\/{rel}","templated":true}]}}