{"id":2012,"date":"2025-09-20T00:00:00","date_gmt":"2025-09-20T00:00:00","guid":{"rendered":""},"modified":"2025-09-20T00:00:00","modified_gmt":"2025-09-20T00:00:00","slug":"20250922667208","status":"publish","type":"post","link":"https:\/\/www.yvelinesradio.com\/radio\/2025\/09\/20\/20250922667208\/","title":{"rendered":"\u00ab\u00a0PERSONNE N&rsquo;EST PESSOA\u00a0\u00bb  au Studio H\u00e9bertot"},"content":{"rendered":"<figure class=\"wp-block-image size-full\"><img decoding=\"async\" src=\"https:\/\/www.yvelinesradio.com\/infos\/chroniques\/SORTIES_A_PARIS___PERSONNE_N_EST_PESSOA___au_Studio_H_ber__5262679595.jpg.jpg\"alt=\"\" class=\"wp-image-32\" \/><\/figure><figure class=\"wp-block-audio\"><audio controls src=\"https:\/\/www.yvelinesradio.com\/infos\/chroniques\/SORTIES_A_PARIS___PERSONNE_N_EST_PESSOA___au_Studio_H_ber__6123459319.mp3\"><\/audio><\/figure><p>Un spectacle qui conjugue le cirque, la po\u00e9sie et en musique live.\r\n\r\nC&rsquo;est un hommage vibrant au po\u00e8te portugais,  Fernando PESSOA.\r\n\r\n \r\n\r\n\r\n \r\n\r\nFernando PESSOA\r\n\r\n1888-1935\r\n\r\n \r\n\r\nUn spectacle de Nico PIRES\r\n\r\n \r\n\r\nAvec: \r\n\r\nLeo CALVINO\r\n\r\nSol\u00e8ne MARTINS\r\n\r\nBruno SOUSA\r\n\r\nNico PIRES\r\n\r\n \r\n\r\nLumi\u00e8res: Leo CALVINO\r\n\r\nPhotographies: Marc MESPLI\u00c9\r\n\r\n \r\n\r\nMise en Sc\u00e8ne: Nico PIRES &#038; Esperanza L\u00d4PES\r\n\r\n \r\n\r\nDur\u00e9e: 1h00\r\n\r\nDu 22 Septembre au 18 Novembre 2025\r\n\r\nLes Lundis \u00e0 19h00\r\n\r\nLes Mardis \u00e0 21h00\r\n\r\n \r\n\r\n\r\n \r\n\r\nSTUDIO H\u00c9BERTOT\r\n\r\n01 42 93 13 04\r\n\r\n \r\n\r\n \r\n\r\nRobert BONNARDOT<\/p>","protected":false},"excerpt":{"rendered":"<p>Un spectacle qui conjugue le cirque, la po\u00e9sie et en musique live. C&rsquo;est un hommage vibrant au po\u00e8te portugais, Fernando PESSOA. Fernando PESSOA 1888-1935 Un spectacle de Nico PIRES Avec: Leo CALVINO Sol\u00e8ne MARTINS Bruno SOUSA Nico PIRES Lumi\u00e8res: Leo CALVINO Photographies: Marc MESPLI\u00c9 Mise en Sc\u00e8ne: Nico PIRES &#038; Esperanza L\u00d4PES Dur\u00e9e: 1h00 Du [&hellip;]<\/p>\n","protected":false},"author":11,"featured_media":0,"comment_status":"closed","ping_status":"open","sticky":false,"template":"","format":"standard","meta":{"footnotes":""},"categories":[],"tags":[],"_links":{"self":[{"href":"https:\/\/www.yvelinesradio.com\/radio\/wp-json\/wp\/v2\/posts\/2012"}],"collection":[{"href":"https:\/\/www.yvelinesradio.com\/radio\/wp-json\/wp\/v2\/posts"}],"about":[{"href":"https:\/\/www.yvelinesradio.com\/radio\/wp-json\/wp\/v2\/types\/post"}],"author":[{"embeddable":true,"href":"https:\/\/www.yvelinesradio.com\/radio\/wp-json\/wp\/v2\/users\/11"}],"replies":[{"embeddable":true,"href":"https:\/\/www.yvelinesradio.com\/radio\/wp-json\/wp\/v2\/comments?post=2012"}],"version-history":[{"count":0,"href":"https:\/\/www.yvelinesradio.com\/radio\/wp-json\/wp\/v2\/posts\/2012\/revisions"}],"wp:attachment":[{"href":"https:\/\/www.yvelinesradio.com\/radio\/wp-json\/wp\/v2\/media?parent=2012"}],"wp:term":[{"taxonomy":"category","embeddable":true,"href":"https:\/\/www.yvelinesradio.com\/radio\/wp-json\/wp\/v2\/categories?post=2012"},{"taxonomy":"post_tag","embeddable":true,"href":"https:\/\/www.yvelinesradio.com\/radio\/wp-json\/wp\/v2\/tags?post=2012"}],"curies":[{"name":"wp","href":"https:\/\/api.w.org\/{rel}","templated":true}]}}