{"id":2005,"date":"2025-09-16T00:00:00","date_gmt":"2025-09-16T00:00:00","guid":{"rendered":""},"modified":"2025-09-16T00:00:00","modified_gmt":"2025-09-16T00:00:00","slug":"20250918283223","status":"publish","type":"post","link":"https:\/\/www.yvelinesradio.com\/radio\/2025\/09\/16\/20250918283223\/","title":{"rendered":"\u00ab\u00a0LE REPAS DES FAUVES\u00a0\u00bb au Th\u00e9\u00e2tre H\u00e9bertot"},"content":{"rendered":"<figure class=\"wp-block-image size-full\"><img decoding=\"async\" src=\"https:\/\/www.yvelinesradio.com\/infos\/chroniques\/SORTIES_A_PARIS___LE_REPAS_DES_FAUVES__au_Th__tre_H_berto__6394645390.jpg\"alt=\"\" class=\"wp-image-32\" \/><\/figure><figure class=\"wp-block-audio\"><audio controls src=\"https:\/\/www.yvelinesradio.com\/infos\/chroniques\/SORTIES_A_PARIS___LE_REPAS_DES_FAUVES__au_Th__tre_H_berto__4162868825.mp3\"><\/audio><\/figure><p>Apr\u00e8s plus de 200 repr\u00e9sentations \u00e0 guichets ferm\u00e9s, et trois MOLI\u00c8RES, cette pi\u00e8ce  est de retour au Th\u00e9\u00e2tre H\u00e9bertot.\r\n\r\nUn spectacle \u00e0 surtout  ne pas manquer!!!\r\n\r\nVoici ce que j&rsquo;en disais:\r\n\r\n\u00ab\u00a0Un roman de Vah\u00e9 KATCHA (1928-2003), \u00e9dit\u00e9 en 1960. Il a fait l&rsquo;objet d&rsquo;un film en 1964, avec France Anglade, Claude Nicot, Antonella Lualdi et Francis Blanche.\r\n\r\nVah\u00e9 KATCHA, est un recordman des auteurs de romans adapt\u00e9s au cin\u00e9ma, avec pour seul exemple \u00ab\u00a0GALIA\u00a0\u00bb de Georges Lautner, avec Mireille Darc.\r\n\r\n \r\n\r\nJulien SIBRE en a fait une brillante adaptation pour le th\u00e9\u00e2tre.\r\n\r\n Le Pitch:\r\n\r\n\u00ab\u00a0Banlieue Parisienne en 1942, c&rsquo;est l&rsquo;Occupation allemande, mais Sophie veut c\u00e9l\u00e9brer son trenti\u00e8me anniversaire avec ses proches&#8230;\r\n\r\n \r\n\r\nMalheureusement, cette belle soir\u00e9e esp\u00e9r\u00e9e, va \u00eatre g\u00e2ch\u00e9e par l&rsquo;ex\u00e9cution de deux soldats allemands, sous les fen\u00eatres du lieu de la soir\u00e9e.\r\n\r\nLe Commandant SS de la r\u00e9gion arrive sur place et exige deux otages en repr\u00e9sailles&#8230; \r\n\r\nLa f\u00eate est finie, les fauves sont l\u00e2ch\u00e9s&#8230;\u00a0\u00bb\r\n\r\n \r\n\r\nUne pi\u00e8ce de Vah\u00e9 KATCHA\r\n\r\nAvec:\r\n\r\nThierry FR\u00c9MONT\r\n\r\nCyril AUBIN\r\n\r\nOlivier BOUANA\r\n\r\nSt\u00e9phanie CAILLOL\r\n\r\nS\u00e9bastien DESJOURS\r\n\r\nBenjamin EGNER\r\n\r\nGeoffroy GUERRIER\r\n\r\nJochen H\u00c4GELE\r\n\r\nSt\u00e9phanie H\u00c9DIN\r\n\r\nJ\u00e9r\u00e9my PREVOST\r\n\r\nJulien SIBRE\r\n\r\nBarbara TISSIER\r\n\r\nAlexis VICTOR\r\n\r\nCaroline VICTORIA\r\n\r\n \r\n\r\nCr\u00e9ation Lumi\u00e8res: Jean-Fran\u00e7ois DOMINGUES\r\n\r\nSc\u00e9nographie: Camille DUCHEMIN\r\n\r\nR\u00e9alisation Graphique: Cyril DROUAIN\r\n\r\nCostumes: M\u00e9lisande de SERRES\r\n\r\nMusique originale: J\u00e9r\u00f4me H\u00c9DIN\r\n\r\nPortraits: Bernard RICHER\r\n\r\n \r\n\r\nAdaptation: Julien SIBRE, qui signe la Mise en Sc\u00e8ne, assist\u00e9 de Nolwen COSMAO.\r\n\r\n \r\n\r\nDu Mercredi au Samedi \u00e0 21h00\r\n\r\nLes Dimanches \u00e0 16h00\r\n\r\n(\u00c0 partir du 18 octobre 2025: Matin\u00e9e suppl\u00e9mentaire les Samedis \u00e0 16h00).\r\n\r\n \r\n\r\nDur\u00e9e: 1h30\r\n\r\n \r\n\r\n\r\n TH\u00c9\u00c2TRE H\u00c9BERTOT\r\n\r\n01 42 93 13 04\r\n\r\n \r\n\r\n \r\n\r\nRobert BONNARDOT<\/p>","protected":false},"excerpt":{"rendered":"<p>Apr\u00e8s plus de 200 repr\u00e9sentations \u00e0 guichets ferm\u00e9s, et trois MOLI\u00c8RES, cette pi\u00e8ce est de retour au Th\u00e9\u00e2tre H\u00e9bertot. Un spectacle \u00e0 surtout ne pas manquer!!! Voici ce que j&rsquo;en disais: \u00ab\u00a0Un roman de Vah\u00e9 KATCHA (1928-2003), \u00e9dit\u00e9 en 1960. Il a fait l&rsquo;objet d&rsquo;un film en 1964, avec France Anglade, Claude Nicot, Antonella Lualdi [&hellip;]<\/p>\n","protected":false},"author":11,"featured_media":0,"comment_status":"closed","ping_status":"open","sticky":false,"template":"","format":"standard","meta":{"footnotes":""},"categories":[],"tags":[],"_links":{"self":[{"href":"https:\/\/www.yvelinesradio.com\/radio\/wp-json\/wp\/v2\/posts\/2005"}],"collection":[{"href":"https:\/\/www.yvelinesradio.com\/radio\/wp-json\/wp\/v2\/posts"}],"about":[{"href":"https:\/\/www.yvelinesradio.com\/radio\/wp-json\/wp\/v2\/types\/post"}],"author":[{"embeddable":true,"href":"https:\/\/www.yvelinesradio.com\/radio\/wp-json\/wp\/v2\/users\/11"}],"replies":[{"embeddable":true,"href":"https:\/\/www.yvelinesradio.com\/radio\/wp-json\/wp\/v2\/comments?post=2005"}],"version-history":[{"count":0,"href":"https:\/\/www.yvelinesradio.com\/radio\/wp-json\/wp\/v2\/posts\/2005\/revisions"}],"wp:attachment":[{"href":"https:\/\/www.yvelinesradio.com\/radio\/wp-json\/wp\/v2\/media?parent=2005"}],"wp:term":[{"taxonomy":"category","embeddable":true,"href":"https:\/\/www.yvelinesradio.com\/radio\/wp-json\/wp\/v2\/categories?post=2005"},{"taxonomy":"post_tag","embeddable":true,"href":"https:\/\/www.yvelinesradio.com\/radio\/wp-json\/wp\/v2\/tags?post=2005"}],"curies":[{"name":"wp","href":"https:\/\/api.w.org\/{rel}","templated":true}]}}