{"id":2,"date":"2024-05-27T00:00:00","date_gmt":"2024-05-27T00:00:00","guid":{"rendered":""},"modified":"2024-05-27T00:00:00","modified_gmt":"2024-05-27T00:00:00","slug":"2024052722296","status":"publish","type":"post","link":"https:\/\/www.yvelinesradio.com\/radio\/2024\/05\/27\/2024052722296\/","title":{"rendered":"Au pays des chansons"},"content":{"rendered":"<figure class=\"wp-block-image size-full\"><img decoding=\"async\" src=\"https:\/\/www.yvelinesradio.com\/infos\/emissions\/PIERRE_MINVIELLE_SEBASTIA__Au_pays_des_chansons__5636004928.jpg\"alt=\"\" class=\"wp-image-32\" \/><\/figure><figure class=\"wp-block-audio\"><audio controls src=\"https:\/\/www.yvelinesradio.com\/infos\/emissions\/PIERRE_MINVIELLE_SEBASTIA__Au_pays_des_chansons__1070437826.mp3\"><\/audio><\/figure><p>Entre 1937 \u00e0 1939, elle se forma au London Theatre Studio de Michel Saint-Denis, une \u00e9cole de th\u00e9\u00e2tre et de musique cr\u00e9\u00e9e en 1935. De 1939 \u00e0 1944, elle r\u00e9sida \u00e0 Pau o\u00f9 elle exer\u00e7a pour vivre des activit\u00e9s diverses. D\u00e8s 1944, elle revint dans le monde du spectacle. <\/p>","protected":false},"excerpt":{"rendered":"<p>Entre 1937 \u00e0 1939, elle se forma au London Theatre Studio de Michel Saint-Denis, une \u00e9cole de th\u00e9\u00e2tre et de musique cr\u00e9\u00e9e en 1935. De 1939 \u00e0 1944, elle r\u00e9sida \u00e0 Pau o\u00f9 elle exer\u00e7a pour vivre des activit\u00e9s diverses. D\u00e8s 1944, elle revint dans le monde du spectacle.<\/p>\n","protected":false},"author":16,"featured_media":0,"comment_status":"closed","ping_status":"open","sticky":false,"template":"","format":"standard","meta":{"footnotes":""},"categories":[],"tags":[],"_links":{"self":[{"href":"https:\/\/www.yvelinesradio.com\/radio\/wp-json\/wp\/v2\/posts\/2"}],"collection":[{"href":"https:\/\/www.yvelinesradio.com\/radio\/wp-json\/wp\/v2\/posts"}],"about":[{"href":"https:\/\/www.yvelinesradio.com\/radio\/wp-json\/wp\/v2\/types\/post"}],"author":[{"embeddable":true,"href":"https:\/\/www.yvelinesradio.com\/radio\/wp-json\/wp\/v2\/users\/16"}],"replies":[{"embeddable":true,"href":"https:\/\/www.yvelinesradio.com\/radio\/wp-json\/wp\/v2\/comments?post=2"}],"version-history":[{"count":0,"href":"https:\/\/www.yvelinesradio.com\/radio\/wp-json\/wp\/v2\/posts\/2\/revisions"}],"wp:attachment":[{"href":"https:\/\/www.yvelinesradio.com\/radio\/wp-json\/wp\/v2\/media?parent=2"}],"wp:term":[{"taxonomy":"category","embeddable":true,"href":"https:\/\/www.yvelinesradio.com\/radio\/wp-json\/wp\/v2\/categories?post=2"},{"taxonomy":"post_tag","embeddable":true,"href":"https:\/\/www.yvelinesradio.com\/radio\/wp-json\/wp\/v2\/tags?post=2"}],"curies":[{"name":"wp","href":"https:\/\/api.w.org\/{rel}","templated":true}]}}