{"id":1994,"date":"2025-09-13T00:00:00","date_gmt":"2025-09-13T00:00:00","guid":{"rendered":""},"modified":"2025-09-13T00:00:00","modified_gmt":"2025-09-13T00:00:00","slug":"20250915523916","status":"publish","type":"post","link":"https:\/\/www.yvelinesradio.com\/radio\/2025\/09\/13\/20250915523916\/","title":{"rendered":"\u00ab\u00a0LA PART SOMBRE\u00a0\u00bb de Ma\u00ef DAVID"},"content":{"rendered":"<figure class=\"wp-block-image size-full\"><img decoding=\"async\" src=\"https:\/\/www.yvelinesradio.com\/infos\/chroniques\/SORTIES_A_PARIS___LA_PART_SOMBRE__de_Ma__DAVID__0751056899.jpg\"alt=\"\" class=\"wp-image-32\" \/><\/figure><figure class=\"wp-block-audio\"><audio controls src=\"https:\/\/www.yvelinesradio.com\/infos\/chroniques\/SORTIES_A_PARIS___LA_PART_SOMBRE__de_Ma__DAVID__6648970451.mp3\"><\/audio><\/figure><p>Une pi\u00e8ce de: Ma\u00ef DAVID\r\n\r\n\u00ab\u00a0C&rsquo;est le r\u00e9cit d&rsquo;une chute et des \u00e9v\u00e9nements qui l&rsquo;ont pr\u00e9c\u00e9d\u00e9e, le trajet d&rsquo;une femme schizophr\u00e8ne.\r\n\r\nUn regard port\u00e9 sur nos propres failles, exacerb\u00e9es ici, jusqu&rsquo;\u00e0 la maladie qui vient en nous et peuvent se refermer ou, au contraire, devenir b\u00e9antes.\r\n\r\nL&rsquo;accident comme fin, mais aussi le d\u00e9but de toute chose, l&rsquo;irr\u00e9m\u00e9diable changement de peau. Puissant et sensible.\u00a0\u00bb\r\n\r\n \r\n\r\nAvec: Ma\u00ef DAVID\r\n\r\n \r\n\r\nCr\u00e9ation Lumi\u00e8res: Nolwenn DELCAMP-RISSE\r\n\r\nR\u00e9gie Lumi\u00e8res: Cynthia LHOPITALLIER\r\n\r\n \r\n\r\nVoix Off:\r\n\r\nRozenn FOURNIER\r\n\r\nCamille KERDELLANT\r\n\r\nAlice MILLET\r\n\r\nJulie MOREAU\r\n\r\n \r\n\r\nMise en Sc\u00e8ne: Ga\u00eblle HERAUT\r\n\r\n \r\n\r\nDu 16 Septembre au 9 Octobre 2025\r\n\r\nMardi et Jeudi \u00e0 21h00\r\n\r\nSamedi \u00e0 20h00\r\n\r\n \r\n\r\nDur\u00e9e: 1h15\r\n\r\n \r\n\r\n\r\n \r\n\r\nTH\u00c9\u00c2TRE LA REINE BLANCHE\r\n\r\n01 40 05 06 96\r\n\r\n \r\n\r\n \r\n\r\nRobert BONNARDOT<\/p>","protected":false},"excerpt":{"rendered":"<p>Une pi\u00e8ce de: Ma\u00ef DAVID \u00ab\u00a0C&rsquo;est le r\u00e9cit d&rsquo;une chute et des \u00e9v\u00e9nements qui l&rsquo;ont pr\u00e9c\u00e9d\u00e9e, le trajet d&rsquo;une femme schizophr\u00e8ne. Un regard port\u00e9 sur nos propres failles, exacerb\u00e9es ici, jusqu&rsquo;\u00e0 la maladie qui vient en nous et peuvent se refermer ou, au contraire, devenir b\u00e9antes. L&rsquo;accident comme fin, mais aussi le d\u00e9but de toute [&hellip;]<\/p>\n","protected":false},"author":11,"featured_media":0,"comment_status":"closed","ping_status":"open","sticky":false,"template":"","format":"standard","meta":{"footnotes":""},"categories":[],"tags":[],"_links":{"self":[{"href":"https:\/\/www.yvelinesradio.com\/radio\/wp-json\/wp\/v2\/posts\/1994"}],"collection":[{"href":"https:\/\/www.yvelinesradio.com\/radio\/wp-json\/wp\/v2\/posts"}],"about":[{"href":"https:\/\/www.yvelinesradio.com\/radio\/wp-json\/wp\/v2\/types\/post"}],"author":[{"embeddable":true,"href":"https:\/\/www.yvelinesradio.com\/radio\/wp-json\/wp\/v2\/users\/11"}],"replies":[{"embeddable":true,"href":"https:\/\/www.yvelinesradio.com\/radio\/wp-json\/wp\/v2\/comments?post=1994"}],"version-history":[{"count":0,"href":"https:\/\/www.yvelinesradio.com\/radio\/wp-json\/wp\/v2\/posts\/1994\/revisions"}],"wp:attachment":[{"href":"https:\/\/www.yvelinesradio.com\/radio\/wp-json\/wp\/v2\/media?parent=1994"}],"wp:term":[{"taxonomy":"category","embeddable":true,"href":"https:\/\/www.yvelinesradio.com\/radio\/wp-json\/wp\/v2\/categories?post=1994"},{"taxonomy":"post_tag","embeddable":true,"href":"https:\/\/www.yvelinesradio.com\/radio\/wp-json\/wp\/v2\/tags?post=1994"}],"curies":[{"name":"wp","href":"https:\/\/api.w.org\/{rel}","templated":true}]}}