{"id":1990,"date":"2025-09-11T00:00:00","date_gmt":"2025-09-11T00:00:00","guid":{"rendered":""},"modified":"2025-09-11T00:00:00","modified_gmt":"2025-09-11T00:00:00","slug":"20250913263545","status":"publish","type":"post","link":"https:\/\/www.yvelinesradio.com\/radio\/2025\/09\/11\/20250913263545\/","title":{"rendered":"\u00ab\u00a0PROF ! \u00a0\u00bb  \u00c0 LA FOLIE TH\u00c9\u00c2TRE"},"content":{"rendered":"<figure class=\"wp-block-image size-full\"><img decoding=\"async\" src=\"https:\/\/www.yvelinesradio.com\/infos\/chroniques\/SORTIES_A_PARIS___PROF________LA_FOLIE_TH__TRE__0621818545.jpg\"alt=\"\" class=\"wp-image-32\" \/><\/figure><figure class=\"wp-block-audio\"><audio controls src=\"https:\/\/www.yvelinesradio.com\/infos\/chroniques\/SORTIES_A_PARIS___PROF________LA_FOLIE_TH__TRE__4175618044.mp3\"><\/audio><\/figure><p>Une pi\u00e8ce \u00e9crite par Jean-Pierre DEPAGNE, sur les aventures et tribulations d&rsquo;un professeur.\r\n\r\nL&rsquo;histoire : Prenez place dans sa classe. De sa vocation \u00e0 sa chute, rencontrez ses \u00e9l\u00e8ves, ses coll\u00e8gues, ses ministres. Dans cette pi\u00e8ce, un homme d\u00e9voile sa vie de Prof. Il vous invite en classe. Il vous parle, les yeux dans les yeux, de sa famille, ses coll\u00e8gues, ses \u00e9l\u00e8ves. Il vous raconte ce 17 f\u00e9vrier et son geste fou. Il devient un Monstre Sacr\u00e9, un monstre d&rsquo;humanit\u00e9, attachant, dr\u00f4le, effrayant.\r\n\r\nAvec:\r\n\r\n\u00c9ric FARDEAU\r\n\r\n \r\n\r\nLumi\u00e8res: Erik de SAINT FERREOL\r\n\r\nMise en Sc\u00e8ne: Cedric GAROYAN\r\n\r\n \r\n\r\nDu 14 Septembre 2025 au  4 Janvier 2026 \r\n\r\n \r\n\r\nLes Dimanches \u00e0 19h00\r\n\r\n \r\n\r\nDur\u00e9e: 1h10\r\n\r\n \r\n\r\n\r\n \r\n\r\nSalle La Petite Folie\r\n\r\n\u00c0 LA FOLIE TH\u00c9\u00c2TRE\r\n\r\n01 43 55 14 80\r\n\r\n \r\n\r\n \r\n\r\nRobert BONNARDOT<\/p>","protected":false},"excerpt":{"rendered":"<p>Une pi\u00e8ce \u00e9crite par Jean-Pierre DEPAGNE, sur les aventures et tribulations d&rsquo;un professeur. L&rsquo;histoire : Prenez place dans sa classe. De sa vocation \u00e0 sa chute, rencontrez ses \u00e9l\u00e8ves, ses coll\u00e8gues, ses ministres. Dans cette pi\u00e8ce, un homme d\u00e9voile sa vie de Prof. Il vous invite en classe. Il vous parle, les yeux dans les [&hellip;]<\/p>\n","protected":false},"author":11,"featured_media":0,"comment_status":"closed","ping_status":"open","sticky":false,"template":"","format":"standard","meta":{"footnotes":""},"categories":[],"tags":[],"_links":{"self":[{"href":"https:\/\/www.yvelinesradio.com\/radio\/wp-json\/wp\/v2\/posts\/1990"}],"collection":[{"href":"https:\/\/www.yvelinesradio.com\/radio\/wp-json\/wp\/v2\/posts"}],"about":[{"href":"https:\/\/www.yvelinesradio.com\/radio\/wp-json\/wp\/v2\/types\/post"}],"author":[{"embeddable":true,"href":"https:\/\/www.yvelinesradio.com\/radio\/wp-json\/wp\/v2\/users\/11"}],"replies":[{"embeddable":true,"href":"https:\/\/www.yvelinesradio.com\/radio\/wp-json\/wp\/v2\/comments?post=1990"}],"version-history":[{"count":0,"href":"https:\/\/www.yvelinesradio.com\/radio\/wp-json\/wp\/v2\/posts\/1990\/revisions"}],"wp:attachment":[{"href":"https:\/\/www.yvelinesradio.com\/radio\/wp-json\/wp\/v2\/media?parent=1990"}],"wp:term":[{"taxonomy":"category","embeddable":true,"href":"https:\/\/www.yvelinesradio.com\/radio\/wp-json\/wp\/v2\/categories?post=1990"},{"taxonomy":"post_tag","embeddable":true,"href":"https:\/\/www.yvelinesradio.com\/radio\/wp-json\/wp\/v2\/tags?post=1990"}],"curies":[{"name":"wp","href":"https:\/\/api.w.org\/{rel}","templated":true}]}}