{"id":1989,"date":"2025-09-11T00:00:00","date_gmt":"2025-09-11T00:00:00","guid":{"rendered":""},"modified":"2025-09-11T00:00:00","modified_gmt":"2025-09-11T00:00:00","slug":"20250913302108","status":"publish","type":"post","link":"https:\/\/www.yvelinesradio.com\/radio\/2025\/09\/11\/20250913302108\/","title":{"rendered":"\u00ab\u00a0LE PAYS DES GLACES\u00a0\u00bb de Ariane LOUIS"},"content":{"rendered":"<figure class=\"wp-block-image size-full\"><img decoding=\"async\" src=\"https:\/\/www.yvelinesradio.com\/infos\/chroniques\/SORTIES_A_PARIS___LE_PAYS_DES_GLACES__de_Ariane_LOUIS__5592636188.png\"alt=\"\" class=\"wp-image-32\" \/><\/figure><figure class=\"wp-block-audio\"><audio controls src=\"https:\/\/www.yvelinesradio.com\/infos\/chroniques\/SORTIES_A_PARIS___LE_PAYS_DES_GLACES__de_Ariane_LOUIS__6610460359.mp3\"><\/audio><\/figure><p>Un spectacle familial, en sortie de r\u00e9sidence, avec une repr\u00e9sentation exceptionnelle \u00e0 la MAC de \u00c9pinay-sous-S\u00e9nart.\r\n\r\nUn conte pour les petits et les grands.\r\n\r\nUn texte de: Ariane LOUIS\r\n\r\n \r\n\r\nLe Pitch:\r\n\r\n \r\n\r\nIl \u00e9tait une fois un pays enti\u00e8rement fait de glace, cach\u00e9 tr\u00e8s\r\ntr\u00e8s haut dans le nord, qui avait oubli\u00e9 les autres hommes et\r\nqui \u00e9tait oubli\u00e9 d&rsquo;eux.\r\n\r\nUn jour, un mal terrible frappa le royaume : la glace s&rsquo;\u00e9tait\r\nmise \u00e0 fondre ! Partout&#8230; Les toits des maisons fondaient, les\r\nvoitures fondaient, les devantures des magasins fondaient. La\r\npanique se r\u00e9pandit \u00e0 travers la ville. C&rsquo;est alors que Petite,\r\nune jeune fille habitant le Pays des Glaces, d\u00e9cida de partir\r\nsur les routes pour trouver un nouvel endroit o\u00f9 elle pourrait\r\nvivre avec ses amis.\r\n\r\nA travers ce conte moderne, nous suivons le voyage de Petite,\r\nses rencontres, bonnes et mauvaises, pour red\u00e9couvrir avec\r\nelle notre monde et se poser des questions sur notre\r\nenvironnement.\r\n\r\n \r\n\r\nAvec:\r\n\r\nJean BRIAULT\r\n\r\nSarah COTTEN en alternance avec Ariane LOUIS\r\n\r\nAlbin DUVERT\r\n\r\nAnnabelle VITOU\r\n\r\nVoix Off: Pascal LICHFUTZ\r\n\r\n \r\n\r\nCostumes: Nolwenn CAUDAN\r\n\r\nCr\u00e9ation Sonore: Thomas SCHWEITZER\r\n\r\nLumi\u00e8res: Jean BRIAULT\r\n\r\n \r\n\r\nMise en Sc\u00e8ne: Ariane LOUIS\r\n\r\n \r\n\r\nVendredi  19 Septembre  2025 \u00e0 10h00\r\n\r\n \r\n\r\n\r\nLA MAISON DES ARTS ET DE LA CULTURE\r\n\r\n\u00c9PINAY-SOUS-S\u00c9NART\r\n\r\n01 60 47 85 80\r\n\r\n \r\n\r\n \r\n\r\nRobert BONNARDOT<\/p>","protected":false},"excerpt":{"rendered":"<p>Un spectacle familial, en sortie de r\u00e9sidence, avec une repr\u00e9sentation exceptionnelle \u00e0 la MAC de \u00c9pinay-sous-S\u00e9nart. Un conte pour les petits et les grands. Un texte de: Ariane LOUIS Le Pitch: Il \u00e9tait une fois un pays enti\u00e8rement fait de glace, cach\u00e9 tr\u00e8s tr\u00e8s haut dans le nord, qui avait oubli\u00e9 les autres hommes et [&hellip;]<\/p>\n","protected":false},"author":11,"featured_media":0,"comment_status":"closed","ping_status":"open","sticky":false,"template":"","format":"standard","meta":{"footnotes":""},"categories":[],"tags":[],"_links":{"self":[{"href":"https:\/\/www.yvelinesradio.com\/radio\/wp-json\/wp\/v2\/posts\/1989"}],"collection":[{"href":"https:\/\/www.yvelinesradio.com\/radio\/wp-json\/wp\/v2\/posts"}],"about":[{"href":"https:\/\/www.yvelinesradio.com\/radio\/wp-json\/wp\/v2\/types\/post"}],"author":[{"embeddable":true,"href":"https:\/\/www.yvelinesradio.com\/radio\/wp-json\/wp\/v2\/users\/11"}],"replies":[{"embeddable":true,"href":"https:\/\/www.yvelinesradio.com\/radio\/wp-json\/wp\/v2\/comments?post=1989"}],"version-history":[{"count":0,"href":"https:\/\/www.yvelinesradio.com\/radio\/wp-json\/wp\/v2\/posts\/1989\/revisions"}],"wp:attachment":[{"href":"https:\/\/www.yvelinesradio.com\/radio\/wp-json\/wp\/v2\/media?parent=1989"}],"wp:term":[{"taxonomy":"category","embeddable":true,"href":"https:\/\/www.yvelinesradio.com\/radio\/wp-json\/wp\/v2\/categories?post=1989"},{"taxonomy":"post_tag","embeddable":true,"href":"https:\/\/www.yvelinesradio.com\/radio\/wp-json\/wp\/v2\/tags?post=1989"}],"curies":[{"name":"wp","href":"https:\/\/api.w.org\/{rel}","templated":true}]}}