{"id":1988,"date":"2025-09-10T00:00:00","date_gmt":"2025-09-10T00:00:00","guid":{"rendered":""},"modified":"2025-09-10T00:00:00","modified_gmt":"2025-09-10T00:00:00","slug":"20250912333231","status":"publish","type":"post","link":"https:\/\/www.yvelinesradio.com\/radio\/2025\/09\/10\/20250912333231\/","title":{"rendered":"\u00ab\u00a0WE TOO FESTIVAL\u00a0\u00bb 6\u00e8me \u00c9dition"},"content":{"rendered":"<figure class=\"wp-block-image size-full\"><img decoding=\"async\" src=\"https:\/\/www.yvelinesradio.com\/infos\/chroniques\/SORTIES_A_PARIS___WE_TOO_FESTIVAL____me__dition__7195638985.png\"alt=\"\" class=\"wp-image-32\" \/><\/figure><figure class=\"wp-block-audio\"><audio controls src=\"https:\/\/www.yvelinesradio.com\/infos\/chroniques\/SORTIES_A_PARIS___WE_TOO_FESTIVAL____me__dition__5858164373.mp3\"><\/audio><\/figure><p>Le WE TOO festival est devenu un rendez-vous incontournable \u00ab\u00a0F\u00e9ministe et Familial\u00a0\u00bb\r\n\r\nEncore un tr\u00e8s beau programme cette ann\u00e9e, et vous en trouverez le d\u00e9tail complet sur \u00ab\u00a0wetoofestival.fr\u00a0\u00bb.\r\n\r\n \r\n\r\nC&rsquo;est la 6\u00e8me \u00c9dition de ce festival tr\u00e8s original\r\n\r\nDu 19 au 21 Septembre 2025\r\n\r\nLe POINT FORT \u00e0 AUBERVILLIERS 93 300\r\n\r\n \r\n\r\nTransports en Commun:\r\n\r\nM\u00e9tro: Ligne 7  FORT d&rsquo;AUBERVILLIERS (5 minutes \u00e0 pied)\r\n\r\nBus: 134, 152, 173, 234, 248,  330\r\n\r\n \r\n\r\n\r\nLE POINT FORT\r\n\r\n01 48 36 34 02\r\n\r\n \r\n\r\n \r\n\r\nRobert BONNARDOT<\/p>","protected":false},"excerpt":{"rendered":"<p>Le WE TOO festival est devenu un rendez-vous incontournable \u00ab\u00a0F\u00e9ministe et Familial\u00a0\u00bb Encore un tr\u00e8s beau programme cette ann\u00e9e, et vous en trouverez le d\u00e9tail complet sur \u00ab\u00a0wetoofestival.fr\u00a0\u00bb. C&rsquo;est la 6\u00e8me \u00c9dition de ce festival tr\u00e8s original Du 19 au 21 Septembre 2025 Le POINT FORT \u00e0 AUBERVILLIERS 93 300 Transports en Commun: M\u00e9tro: Ligne [&hellip;]<\/p>\n","protected":false},"author":11,"featured_media":0,"comment_status":"closed","ping_status":"open","sticky":false,"template":"","format":"standard","meta":{"footnotes":""},"categories":[],"tags":[],"_links":{"self":[{"href":"https:\/\/www.yvelinesradio.com\/radio\/wp-json\/wp\/v2\/posts\/1988"}],"collection":[{"href":"https:\/\/www.yvelinesradio.com\/radio\/wp-json\/wp\/v2\/posts"}],"about":[{"href":"https:\/\/www.yvelinesradio.com\/radio\/wp-json\/wp\/v2\/types\/post"}],"author":[{"embeddable":true,"href":"https:\/\/www.yvelinesradio.com\/radio\/wp-json\/wp\/v2\/users\/11"}],"replies":[{"embeddable":true,"href":"https:\/\/www.yvelinesradio.com\/radio\/wp-json\/wp\/v2\/comments?post=1988"}],"version-history":[{"count":0,"href":"https:\/\/www.yvelinesradio.com\/radio\/wp-json\/wp\/v2\/posts\/1988\/revisions"}],"wp:attachment":[{"href":"https:\/\/www.yvelinesradio.com\/radio\/wp-json\/wp\/v2\/media?parent=1988"}],"wp:term":[{"taxonomy":"category","embeddable":true,"href":"https:\/\/www.yvelinesradio.com\/radio\/wp-json\/wp\/v2\/categories?post=1988"},{"taxonomy":"post_tag","embeddable":true,"href":"https:\/\/www.yvelinesradio.com\/radio\/wp-json\/wp\/v2\/tags?post=1988"}],"curies":[{"name":"wp","href":"https:\/\/api.w.org\/{rel}","templated":true}]}}