{"id":1987,"date":"2025-09-10T00:00:00","date_gmt":"2025-09-10T00:00:00","guid":{"rendered":""},"modified":"2025-09-10T00:00:00","modified_gmt":"2025-09-10T00:00:00","slug":"20250912818510","status":"publish","type":"post","link":"https:\/\/www.yvelinesradio.com\/radio\/2025\/09\/10\/20250912818510\/","title":{"rendered":"\u00ab\u00a0COMME TOU(S) T LE MONDE  Com\u00e9die des 3 Bornes"},"content":{"rendered":"<figure class=\"wp-block-image size-full\"><img decoding=\"async\" src=\"https:\/\/www.yvelinesradio.com\/infos\/chroniques\/SORTIES_A_PARIS___COMME_TOU_S__T_LE_MONDE__Com_die_des_____3783347936.jpeg\"alt=\"\" class=\"wp-image-32\" \/><\/figure><figure class=\"wp-block-audio\"><audio controls src=\"https:\/\/www.yvelinesradio.com\/infos\/chroniques\/SORTIES_A_PARIS___COMME_TOU_S__T_LE_MONDE__Com_die_des_____4516146649.mp3\"><\/audio><\/figure><p>Un Seul en Sc\u00e8ne, qui vous fera d\u00e9couvrir le monde des \u00ab\u00a0Dys\u00a0\u00bb, \u00e0 travers la vie de Gabriel, qui vous touchera autant qu&rsquo;elle vous fera rire!\r\n\r\n \r\n\r\nAvec: Michel LIEVAIN\r\n\r\n \r\n\r\nUn texte de Michel LIEVAIN, avec la collaboration artistique de M\u00e9lissa DEBIZE.\r\n\r\n \r\n\r\nMise en Sc\u00e8ne: Michel LIEVAIN, assist\u00e9 de Pierre CHAUVET.\r\n\r\n \r\n\r\nDu 13 Septembre 2025 au 31 Janvier 2026\r\n\r\nLes Samedis \u00e0 16h30\r\n\r\n \r\n\r\nDur\u00e9e: 1h00\r\n\r\n \r\n\r\n\r\nCOM\u00c9DIE DES 3 BORNES\r\n\r\n01 43 57 68 29\r\n\r\n \r\n\r\n \r\n\r\nRobert BONNARDOT\r\n\r\n<\/p>","protected":false},"excerpt":{"rendered":"<p>Un Seul en Sc\u00e8ne, qui vous fera d\u00e9couvrir le monde des \u00ab\u00a0Dys\u00a0\u00bb, \u00e0 travers la vie de Gabriel, qui vous touchera autant qu&rsquo;elle vous fera rire! Avec: Michel LIEVAIN Un texte de Michel LIEVAIN, avec la collaboration artistique de M\u00e9lissa DEBIZE. Mise en Sc\u00e8ne: Michel LIEVAIN, assist\u00e9 de Pierre CHAUVET. Du 13 Septembre 2025 au [&hellip;]<\/p>\n","protected":false},"author":11,"featured_media":0,"comment_status":"closed","ping_status":"open","sticky":false,"template":"","format":"standard","meta":{"footnotes":""},"categories":[],"tags":[],"_links":{"self":[{"href":"https:\/\/www.yvelinesradio.com\/radio\/wp-json\/wp\/v2\/posts\/1987"}],"collection":[{"href":"https:\/\/www.yvelinesradio.com\/radio\/wp-json\/wp\/v2\/posts"}],"about":[{"href":"https:\/\/www.yvelinesradio.com\/radio\/wp-json\/wp\/v2\/types\/post"}],"author":[{"embeddable":true,"href":"https:\/\/www.yvelinesradio.com\/radio\/wp-json\/wp\/v2\/users\/11"}],"replies":[{"embeddable":true,"href":"https:\/\/www.yvelinesradio.com\/radio\/wp-json\/wp\/v2\/comments?post=1987"}],"version-history":[{"count":0,"href":"https:\/\/www.yvelinesradio.com\/radio\/wp-json\/wp\/v2\/posts\/1987\/revisions"}],"wp:attachment":[{"href":"https:\/\/www.yvelinesradio.com\/radio\/wp-json\/wp\/v2\/media?parent=1987"}],"wp:term":[{"taxonomy":"category","embeddable":true,"href":"https:\/\/www.yvelinesradio.com\/radio\/wp-json\/wp\/v2\/categories?post=1987"},{"taxonomy":"post_tag","embeddable":true,"href":"https:\/\/www.yvelinesradio.com\/radio\/wp-json\/wp\/v2\/tags?post=1987"}],"curies":[{"name":"wp","href":"https:\/\/api.w.org\/{rel}","templated":true}]}}