{"id":1981,"date":"2025-09-08T00:00:00","date_gmt":"2025-09-08T00:00:00","guid":{"rendered":""},"modified":"2025-09-08T00:00:00","modified_gmt":"2025-09-08T00:00:00","slug":"2025091057726","status":"publish","type":"post","link":"https:\/\/www.yvelinesradio.com\/radio\/2025\/09\/08\/2025091057726\/","title":{"rendered":"\u00ab\u00a0LE BOUQUINISTE MENDEL\u00a0\u00bb \u00c0 La Folie Th\u00e9\u00e2tre"},"content":{"rendered":"<figure class=\"wp-block-image size-full\"><img decoding=\"async\" src=\"https:\/\/www.yvelinesradio.com\/infos\/chroniques\/SORTIES_A_PARIS___LE_BOUQUINISTE_MENDEL____La_Folie_Th__t__2232791652.jpg\"alt=\"\" class=\"wp-image-32\" \/><\/figure><figure class=\"wp-block-audio\"><audio controls src=\"https:\/\/www.yvelinesradio.com\/infos\/chroniques\/SORTIES_A_PARIS___LE_BOUQUINISTE_MENDEL____La_Folie_Th__t__8577670346.mp3\"><\/audio><\/figure><p>\t\r\nUne pi\u00e8ce adapt\u00e9e par Jean-Luc GIOMO, d&rsquo;une Nouvelle de Stefan SWEIG \u00e9crite en 1925.\r\n\r\nL&rsquo;histoire : Un bouquiniste suscite l&rsquo;admiration de la Vienne du d\u00e9but du XX\u00e8me si\u00e8cle par l&rsquo;immensit\u00e9 de son savoir. Il n&rsquo;est pas un bibliophile qui ne connaisse Jakob Mendel, catalogue vivant de l&rsquo;ensemble du savoir imprim\u00e9. Mais la guerre de 14-18 va bouleverser son destin.\r\n\r\nAvec:\r\n\r\nJean-Luc GIOMO &#038; Nicole GUIOMO, et \u00e0 eux deux, ils interpr\u00e8tent 13 personnages.\r\n\r\nVous allez vous r\u00e9galer !\r\n\r\n \r\n\r\nCr\u00e9ation Lumi\u00e8res: Ghislain GRIMA\r\n\r\n \r\n\r\nMise en Sc\u00e8ne: Patrick GRIMA\r\n\r\n \r\n\r\nJusqu&rsquo;au 29 Novembre 2025\r\n\r\nLes Vendredis et Samedis \u00e0 19h00\r\n\r\n \r\n\r\nDur\u00e9e: 1h15\r\n\r\n \r\n\r\n\r\n \r\n\r\n \r\n\r\nSalle \u00ab\u00a0La Petite Folie\u00a0\u00bb\r\n\r\n\u00c3 LA FOLIE TH\u00c9\u00c2TRE\r\n\r\n01 43 55 14 80\r\n\r\n \r\n\r\n \r\n\r\nRobert BONNARDOT<\/p>","protected":false},"excerpt":{"rendered":"<p>Une pi\u00e8ce adapt\u00e9e par Jean-Luc GIOMO, d&rsquo;une Nouvelle de Stefan SWEIG \u00e9crite en 1925. L&rsquo;histoire : Un bouquiniste suscite l&rsquo;admiration de la Vienne du d\u00e9but du XX\u00e8me si\u00e8cle par l&rsquo;immensit\u00e9 de son savoir. Il n&rsquo;est pas un bibliophile qui ne connaisse Jakob Mendel, catalogue vivant de l&rsquo;ensemble du savoir imprim\u00e9. Mais la guerre de 14-18 [&hellip;]<\/p>\n","protected":false},"author":11,"featured_media":0,"comment_status":"closed","ping_status":"open","sticky":false,"template":"","format":"standard","meta":{"footnotes":""},"categories":[],"tags":[],"_links":{"self":[{"href":"https:\/\/www.yvelinesradio.com\/radio\/wp-json\/wp\/v2\/posts\/1981"}],"collection":[{"href":"https:\/\/www.yvelinesradio.com\/radio\/wp-json\/wp\/v2\/posts"}],"about":[{"href":"https:\/\/www.yvelinesradio.com\/radio\/wp-json\/wp\/v2\/types\/post"}],"author":[{"embeddable":true,"href":"https:\/\/www.yvelinesradio.com\/radio\/wp-json\/wp\/v2\/users\/11"}],"replies":[{"embeddable":true,"href":"https:\/\/www.yvelinesradio.com\/radio\/wp-json\/wp\/v2\/comments?post=1981"}],"version-history":[{"count":0,"href":"https:\/\/www.yvelinesradio.com\/radio\/wp-json\/wp\/v2\/posts\/1981\/revisions"}],"wp:attachment":[{"href":"https:\/\/www.yvelinesradio.com\/radio\/wp-json\/wp\/v2\/media?parent=1981"}],"wp:term":[{"taxonomy":"category","embeddable":true,"href":"https:\/\/www.yvelinesradio.com\/radio\/wp-json\/wp\/v2\/categories?post=1981"},{"taxonomy":"post_tag","embeddable":true,"href":"https:\/\/www.yvelinesradio.com\/radio\/wp-json\/wp\/v2\/tags?post=1981"}],"curies":[{"name":"wp","href":"https:\/\/api.w.org\/{rel}","templated":true}]}}