{"id":1904,"date":"2025-07-18T00:00:00","date_gmt":"2025-07-18T00:00:00","guid":{"rendered":""},"modified":"2025-07-18T00:00:00","modified_gmt":"2025-07-18T00:00:00","slug":"20250720267281","status":"publish","type":"post","link":"https:\/\/www.yvelinesradio.com\/radio\/2025\/07\/18\/20250720267281\/","title":{"rendered":"\u00ab\u00a0SON OF A CARPENTER\u00a0\u00bb par Jim JEFFERIES"},"content":{"rendered":"<figure class=\"wp-block-image size-full\"><img decoding=\"async\" src=\"https:\/\/www.yvelinesradio.com\/infos\/chroniques\/SORTIES_A_PARIS___SON_OF_A_CARPENTER__par_Jim_JEFFERIES__3613367926.jpg\"alt=\"\" class=\"wp-image-32\" \/><\/figure><figure class=\"wp-block-audio\"><audio controls src=\"https:\/\/www.yvelinesradio.com\/infos\/chroniques\/SORTIES_A_PARIS___SON_OF_A_CARPENTER__par_Jim_JEFFERIES__0910889092.mp3\"><\/audio><\/figure><p>Un humoriste, sc\u00e9nariste et animateur de t\u00e9l\u00e9vision en Australie&#8230;\r\n\r\n\u00ab\u00a0The JEFFERIES SHOW\u00a0\u00bb sur Comedy Show, depuis 2017.\r\n\r\nIl s&rsquo;appelle Geoff NUGENT, mais connu comme: JIM JEFFERIES.\r\n\r\nJ&rsquo;ai essay\u00e9 de savoir, combien d&rsquo;Australiens en France, pouvaient \u00eatre concern\u00e9s par son passage \u00e0 Paris, \u00e0 La Cigale, et je n&rsquo;ai pas trouv\u00e9 la r\u00e9ponse &#8230;\r\n\r\nAlors, je lance une bouteille \u00e0 la mer, ou dans la Seine !\r\n\r\n \r\n\r\nJe vous annonce qu&rsquo;il sera \u00e0 la Cigale de Paris, le 4 SEPTEMBRE 2025 \u00e0 19h00.\r\n\r\n(Spectacle en Anglais)\r\n\r\n \r\n\r\n\r\nLA CIGALE DE PARIS\r\n\r\n01 49 25 89 99\r\n\r\n \r\n\r\n \r\n\r\nRobert BONNARDOT<\/p>","protected":false},"excerpt":{"rendered":"<p>Un humoriste, sc\u00e9nariste et animateur de t\u00e9l\u00e9vision en Australie&#8230; \u00ab\u00a0The JEFFERIES SHOW\u00a0\u00bb sur Comedy Show, depuis 2017. Il s&rsquo;appelle Geoff NUGENT, mais connu comme: JIM JEFFERIES. J&rsquo;ai essay\u00e9 de savoir, combien d&rsquo;Australiens en France, pouvaient \u00eatre concern\u00e9s par son passage \u00e0 Paris, \u00e0 La Cigale, et je n&rsquo;ai pas trouv\u00e9 la r\u00e9ponse &#8230; Alors, je [&hellip;]<\/p>\n","protected":false},"author":11,"featured_media":0,"comment_status":"closed","ping_status":"open","sticky":false,"template":"","format":"standard","meta":{"footnotes":""},"categories":[],"tags":[],"_links":{"self":[{"href":"https:\/\/www.yvelinesradio.com\/radio\/wp-json\/wp\/v2\/posts\/1904"}],"collection":[{"href":"https:\/\/www.yvelinesradio.com\/radio\/wp-json\/wp\/v2\/posts"}],"about":[{"href":"https:\/\/www.yvelinesradio.com\/radio\/wp-json\/wp\/v2\/types\/post"}],"author":[{"embeddable":true,"href":"https:\/\/www.yvelinesradio.com\/radio\/wp-json\/wp\/v2\/users\/11"}],"replies":[{"embeddable":true,"href":"https:\/\/www.yvelinesradio.com\/radio\/wp-json\/wp\/v2\/comments?post=1904"}],"version-history":[{"count":0,"href":"https:\/\/www.yvelinesradio.com\/radio\/wp-json\/wp\/v2\/posts\/1904\/revisions"}],"wp:attachment":[{"href":"https:\/\/www.yvelinesradio.com\/radio\/wp-json\/wp\/v2\/media?parent=1904"}],"wp:term":[{"taxonomy":"category","embeddable":true,"href":"https:\/\/www.yvelinesradio.com\/radio\/wp-json\/wp\/v2\/categories?post=1904"},{"taxonomy":"post_tag","embeddable":true,"href":"https:\/\/www.yvelinesradio.com\/radio\/wp-json\/wp\/v2\/tags?post=1904"}],"curies":[{"name":"wp","href":"https:\/\/api.w.org\/{rel}","templated":true}]}}