{"id":1900,"date":"2025-07-14T00:00:00","date_gmt":"2025-07-14T00:00:00","guid":{"rendered":""},"modified":"2025-07-14T00:00:00","modified_gmt":"2025-07-14T00:00:00","slug":"20250718598607","status":"publish","type":"post","link":"https:\/\/www.yvelinesradio.com\/radio\/2025\/07\/14\/20250718598607\/","title":{"rendered":"\u00ab\u00a0GAGNANT -GAGNANT\u00a0\u00bb de Gilles DYREK"},"content":{"rendered":"<figure class=\"wp-block-image size-full\"><img decoding=\"async\" src=\"https:\/\/www.yvelinesradio.com\/infos\/chroniques\/SORTIES_A_PARIS___GAGNANT__GAGNANT__de_Gilles_DYREK__4357606874.jpg\"alt=\"\" class=\"wp-image-32\" \/><\/figure><figure class=\"wp-block-audio\"><audio controls src=\"https:\/\/www.yvelinesradio.com\/infos\/chroniques\/SORTIES_A_PARIS___GAGNANT__GAGNANT__de_Gilles_DYREK__1975272559.mp3\"><\/audio><\/figure><p>J&rsquo;ai ador\u00e9 \u00ab\u00a0Je m&rsquo;appelle Georges, et Vous?\u00a0\u00bb, alors je suis impatient de d\u00e9couvrir la nouvelle pi\u00e8ce de Gilles DYREK.\r\n\r\n\u00ab\u00a0GAGNANT, GAGNANT\u00a0\u00bb,  qui est \u00e0 l&rsquo;affiche en cr\u00e9ation, \u00e0 l&rsquo;occasion du Festival  OFF, en Avignon, jusqu&rsquo;au 26 Juillet &#8211; Rel\u00e2ches les Mecredis.\r\n\r\n\u00c0 18h50\r\n\r\nEt que j&rsquo;esp\u00e8re d\u00e9couvrir, tr\u00e8s prochainement, \u00e0 Paris !\r\n\r\nAvec:\r\n\r\nS\u00e9verine DEBELS\r\n\r\nBenjamin ALAZRAKI \r\n\r\nJean-Gilles BARBIER\r\n\r\nXavier MARTEL\r\n\r\nGilles DYREK\r\n\r\n \r\n\r\nUne convention de soci\u00e9t\u00e9&#8230;Pour les Nuls !\r\n\r\n \r\n\r\nMise en Sc\u00e8ne: Gilles DYREK\r\n\r\n \r\n\r\nDur\u00e9e: 1h20\r\n\r\n \r\n\r\n\r\n \r\n\r\nTH\u00c9\u00c2TRE CONDITION DES SOIES\r\n\r\n04 90 22 48 23\r\n\r\n \r\n\r\n \r\n\r\nRobert BONNARDOT<\/p>","protected":false},"excerpt":{"rendered":"<p>J&rsquo;ai ador\u00e9 \u00ab\u00a0Je m&rsquo;appelle Georges, et Vous?\u00a0\u00bb, alors je suis impatient de d\u00e9couvrir la nouvelle pi\u00e8ce de Gilles DYREK. \u00ab\u00a0GAGNANT, GAGNANT\u00a0\u00bb, qui est \u00e0 l&rsquo;affiche en cr\u00e9ation, \u00e0 l&rsquo;occasion du Festival OFF, en Avignon, jusqu&rsquo;au 26 Juillet &#8211; Rel\u00e2ches les Mecredis. \u00c0 18h50 Et que j&rsquo;esp\u00e8re d\u00e9couvrir, tr\u00e8s prochainement, \u00e0 Paris ! Avec: S\u00e9verine DEBELS [&hellip;]<\/p>\n","protected":false},"author":11,"featured_media":0,"comment_status":"closed","ping_status":"open","sticky":false,"template":"","format":"standard","meta":{"footnotes":""},"categories":[],"tags":[],"_links":{"self":[{"href":"https:\/\/www.yvelinesradio.com\/radio\/wp-json\/wp\/v2\/posts\/1900"}],"collection":[{"href":"https:\/\/www.yvelinesradio.com\/radio\/wp-json\/wp\/v2\/posts"}],"about":[{"href":"https:\/\/www.yvelinesradio.com\/radio\/wp-json\/wp\/v2\/types\/post"}],"author":[{"embeddable":true,"href":"https:\/\/www.yvelinesradio.com\/radio\/wp-json\/wp\/v2\/users\/11"}],"replies":[{"embeddable":true,"href":"https:\/\/www.yvelinesradio.com\/radio\/wp-json\/wp\/v2\/comments?post=1900"}],"version-history":[{"count":0,"href":"https:\/\/www.yvelinesradio.com\/radio\/wp-json\/wp\/v2\/posts\/1900\/revisions"}],"wp:attachment":[{"href":"https:\/\/www.yvelinesradio.com\/radio\/wp-json\/wp\/v2\/media?parent=1900"}],"wp:term":[{"taxonomy":"category","embeddable":true,"href":"https:\/\/www.yvelinesradio.com\/radio\/wp-json\/wp\/v2\/categories?post=1900"},{"taxonomy":"post_tag","embeddable":true,"href":"https:\/\/www.yvelinesradio.com\/radio\/wp-json\/wp\/v2\/tags?post=1900"}],"curies":[{"name":"wp","href":"https:\/\/api.w.org\/{rel}","templated":true}]}}