{"id":1878,"date":"2025-07-05T00:00:00","date_gmt":"2025-07-05T00:00:00","guid":{"rendered":""},"modified":"2025-07-05T00:00:00","modified_gmt":"2025-07-05T00:00:00","slug":"20250708532854","status":"publish","type":"post","link":"https:\/\/www.yvelinesradio.com\/radio\/2025\/07\/05\/20250708532854\/","title":{"rendered":"\u00ab\u00a0LE RADEAU DE LA M\u00c9DUS\u00a0\u00bb au OFF  &#8211; Avignon 2025"},"content":{"rendered":"<figure class=\"wp-block-image size-full\"><img decoding=\"async\" src=\"https:\/\/www.yvelinesradio.com\/infos\/chroniques\/SORTIES_A_PARIS___LE_RADEAU_DE_LA_M_DUS__au_OFF____Avigno__4554594292.jpg\"alt=\"\" class=\"wp-image-32\" \/><\/figure><figure class=\"wp-block-audio\"><audio controls src=\"https:\/\/www.yvelinesradio.com\/infos\/chroniques\/SORTIES_A_PARIS___LE_RADEAU_DE_LA_M_DUS__au_OFF____Avigno__6683969241.mp3\"><\/audio><\/figure><p>Un spectacle de Alexandre DELIMOGES, avec la merveilleuse Anne CANG\u00c9LOSI, qui a fait &#8211; durant plusieurs trimestres &#8211; un tr\u00e8s grand succ\u00e8s, \u00e0 La Com\u00e9die Bastille, et s&rsquo;installe en Avignon, pour l&rsquo;\u00e9dition 2025, du Festival OFF.\r\n\r\nVoici ce que j&rsquo;en disais:\r\n\r\n \r\n\r\n\u00ab\u00a0Une charmante jeune femme, qui s&rsquo;enlaidit \u00e0 plaisir, pour \u00eatre en 2007, \u00ab\u00a0M\u00e9m\u00e9 Phine\u00a0\u00bb, avant de devenir d\u00e8s 2010, la \u00ab\u00a0Casse-Bonbons\u00a0\u00bb, que j&rsquo;ai pu applaudir dans plusieurs spectacles.\r\n\r\nVous ne regarderez plus jamais le tableau, sans penser \u00e0 cette talentueuse conf\u00e9renci\u00e8re.\u00a0\u00bb\r\n\r\nDu 5 au 26 Juillet \u00e0 10h45\r\n\r\n(Rel\u00e2ches les Lundis)\r\n\r\n \r\n\r\nDur\u00e9e: 1h05\r\n\r\n \r\n\r\n\r\nTH\u00c9\u00c2TRE LE QUATRE\r\n\r\n04 90 88 27 33\r\n\r\n \r\n\r\n \r\n\r\nRobert BONNARDOT<\/p>","protected":false},"excerpt":{"rendered":"<p>Un spectacle de Alexandre DELIMOGES, avec la merveilleuse Anne CANG\u00c9LOSI, qui a fait &#8211; durant plusieurs trimestres &#8211; un tr\u00e8s grand succ\u00e8s, \u00e0 La Com\u00e9die Bastille, et s&rsquo;installe en Avignon, pour l&rsquo;\u00e9dition 2025, du Festival OFF. Voici ce que j&rsquo;en disais: \u00ab\u00a0Une charmante jeune femme, qui s&rsquo;enlaidit \u00e0 plaisir, pour \u00eatre en 2007, \u00ab\u00a0M\u00e9m\u00e9 Phine\u00a0\u00bb, [&hellip;]<\/p>\n","protected":false},"author":11,"featured_media":0,"comment_status":"closed","ping_status":"open","sticky":false,"template":"","format":"standard","meta":{"footnotes":""},"categories":[],"tags":[],"_links":{"self":[{"href":"https:\/\/www.yvelinesradio.com\/radio\/wp-json\/wp\/v2\/posts\/1878"}],"collection":[{"href":"https:\/\/www.yvelinesradio.com\/radio\/wp-json\/wp\/v2\/posts"}],"about":[{"href":"https:\/\/www.yvelinesradio.com\/radio\/wp-json\/wp\/v2\/types\/post"}],"author":[{"embeddable":true,"href":"https:\/\/www.yvelinesradio.com\/radio\/wp-json\/wp\/v2\/users\/11"}],"replies":[{"embeddable":true,"href":"https:\/\/www.yvelinesradio.com\/radio\/wp-json\/wp\/v2\/comments?post=1878"}],"version-history":[{"count":0,"href":"https:\/\/www.yvelinesradio.com\/radio\/wp-json\/wp\/v2\/posts\/1878\/revisions"}],"wp:attachment":[{"href":"https:\/\/www.yvelinesradio.com\/radio\/wp-json\/wp\/v2\/media?parent=1878"}],"wp:term":[{"taxonomy":"category","embeddable":true,"href":"https:\/\/www.yvelinesradio.com\/radio\/wp-json\/wp\/v2\/categories?post=1878"},{"taxonomy":"post_tag","embeddable":true,"href":"https:\/\/www.yvelinesradio.com\/radio\/wp-json\/wp\/v2\/tags?post=1878"}],"curies":[{"name":"wp","href":"https:\/\/api.w.org\/{rel}","templated":true}]}}