{"id":1874,"date":"2025-07-05T00:00:00","date_gmt":"2025-07-05T00:00:00","guid":{"rendered":""},"modified":"2025-07-05T00:00:00","modified_gmt":"2025-07-05T00:00:00","slug":"20250706518981","status":"publish","type":"post","link":"https:\/\/www.yvelinesradio.com\/radio\/2025\/07\/05\/20250706518981\/","title":{"rendered":"\u00ab\u00a0LA SOIR\u00c9E AVAIT SI BIEN COMMENC\u00c9\u00a0\u00bb au Th\u00e9\u00e2tre de PASSY"},"content":{"rendered":"<figure class=\"wp-block-image size-full\"><img decoding=\"async\" src=\"https:\/\/www.yvelinesradio.com\/infos\/chroniques\/SORTIES_A_PARIS___LA_SOIR_E_AVAIT_SI_BIEN_COMMENC___au_Th__1150761913.jpg\"alt=\"\" class=\"wp-image-32\" \/><\/figure><figure class=\"wp-block-audio\"><audio controls src=\"https:\/\/www.yvelinesradio.com\/infos\/chroniques\/SORTIES_A_PARIS___LA_SOIR_E_AVAIT_SI_BIEN_COMMENC___au_Th__7162311499.mp3\"><\/audio><\/figure><p>Une com\u00e9die de l&rsquo;\u00e9t\u00e9 bas\u00e9e sur une foultitude de quiproquos, o\u00f9 les com\u00e9diens semblent s&rsquo;amuser follement, ce qui r\u00e9jouit son public.\r\n\r\nDans la salle, ils sont hilares.\r\n\r\nAlors, ne boudez pas votre plaisir !\r\n\r\nEn revanche, ce n&rsquo;est pas un spectacle pour les moins de dix ans, et j&rsquo;ai \u00e9t\u00e9 tr\u00e8s choqu\u00e9 de voir quatre petites filles au premier rang, de 6 \u00e0 8 ans.\r\n\r\nIl y a de merveilleux spectacles pour enfants dans tous les th\u00e9\u00e2tres parisiens, et si les parents ne voulaient pas rater cette affiche, il y a nombre de jeunes filles, pr\u00eates \u00e0 garder les enfants le soir, cela s&rsquo;appelle \u00ab\u00a0Baby Sitter\u00a0\u00bb.\r\n\r\n\u00c9nora Malagr\u00e9, s&rsquo;impose de plus en plus, comme une com\u00e9dienne, qui fait rire, elle devrait nous concocter une One-Woman Show.\r\n\r\nAvec:\r\n\r\nCharlotte GOUILLON\r\n\r\nNicolas AUDEBAUD\r\n\r\n\u00c9nora MALAGR\u00c9\r\n\r\nEt,\r\n\r\nThibaut de LUSSY, qui est co-auteur de cette pi\u00e8ce, avec Sophie DEPOOTER;\r\n\r\nThibaut de Lussy, j&rsquo;avais beaucoup aim\u00e9 en 2010, sa pi\u00e8ce: \u00ab\u00a0Merci pour Tout\u00a0\u00bb.\r\n\r\nLa Mise en Sc\u00e8ne, est de: Guillaume M\u00c9LANIE, dont j&rsquo;ai souvent soulign\u00e9 le talent.\r\n\r\n \r\n\r\nCostumes: Flora GIHR\r\n\r\nLumi\u00e8res: Adrien RIBAT\r\n\r\nD\u00e9cor: Caroline LOWENBACH\r\n\r\n \r\n\r\nDu Mercredi au Samedi \u00e0 21h00\r\n\r\nLes Dimanches \u00e0 17h30\r\n\r\n \r\n\r\nDur\u00e9e: 1h15\r\n\r\n \r\n\r\n\r\nTH\u00c9\u00c2TRE DE PASSY\r\n\r\n01 82 28 56 40\r\n\r\n \r\n\r\n \r\n\r\nRobert BONNARDOT<\/p>","protected":false},"excerpt":{"rendered":"<p>Une com\u00e9die de l&rsquo;\u00e9t\u00e9 bas\u00e9e sur une foultitude de quiproquos, o\u00f9 les com\u00e9diens semblent s&rsquo;amuser follement, ce qui r\u00e9jouit son public. Dans la salle, ils sont hilares. Alors, ne boudez pas votre plaisir ! En revanche, ce n&rsquo;est pas un spectacle pour les moins de dix ans, et j&rsquo;ai \u00e9t\u00e9 tr\u00e8s choqu\u00e9 de voir quatre [&hellip;]<\/p>\n","protected":false},"author":11,"featured_media":0,"comment_status":"closed","ping_status":"open","sticky":false,"template":"","format":"standard","meta":{"footnotes":""},"categories":[],"tags":[],"_links":{"self":[{"href":"https:\/\/www.yvelinesradio.com\/radio\/wp-json\/wp\/v2\/posts\/1874"}],"collection":[{"href":"https:\/\/www.yvelinesradio.com\/radio\/wp-json\/wp\/v2\/posts"}],"about":[{"href":"https:\/\/www.yvelinesradio.com\/radio\/wp-json\/wp\/v2\/types\/post"}],"author":[{"embeddable":true,"href":"https:\/\/www.yvelinesradio.com\/radio\/wp-json\/wp\/v2\/users\/11"}],"replies":[{"embeddable":true,"href":"https:\/\/www.yvelinesradio.com\/radio\/wp-json\/wp\/v2\/comments?post=1874"}],"version-history":[{"count":0,"href":"https:\/\/www.yvelinesradio.com\/radio\/wp-json\/wp\/v2\/posts\/1874\/revisions"}],"wp:attachment":[{"href":"https:\/\/www.yvelinesradio.com\/radio\/wp-json\/wp\/v2\/media?parent=1874"}],"wp:term":[{"taxonomy":"category","embeddable":true,"href":"https:\/\/www.yvelinesradio.com\/radio\/wp-json\/wp\/v2\/categories?post=1874"},{"taxonomy":"post_tag","embeddable":true,"href":"https:\/\/www.yvelinesradio.com\/radio\/wp-json\/wp\/v2\/tags?post=1874"}],"curies":[{"name":"wp","href":"https:\/\/api.w.org\/{rel}","templated":true}]}}