{"id":1857,"date":"2025-06-25T00:00:00","date_gmt":"2025-06-25T00:00:00","guid":{"rendered":""},"modified":"2025-06-25T00:00:00","modified_gmt":"2025-06-25T00:00:00","slug":"202506308366","status":"publish","type":"post","link":"https:\/\/www.yvelinesradio.com\/radio\/2025\/06\/25\/202506308366\/","title":{"rendered":"\u00ab\u00a0IL VENTO\u00a0\u00bb par Wassim SOUBRA"},"content":{"rendered":"<figure class=\"wp-block-image size-full\"><img decoding=\"async\" src=\"https:\/\/www.yvelinesradio.com\/infos\/chroniques\/SORTIES_A_PARIS___IL_VENTO__par_Wassim_SOUBRA__3408202979.jpg\"alt=\"\" class=\"wp-image-32\" \/><\/figure><figure class=\"wp-block-audio\"><audio controls src=\"https:\/\/www.yvelinesradio.com\/infos\/chroniques\/SORTIES_A_PARIS___IL_VENTO__par_Wassim_SOUBRA__2422387476.mp3\"><\/audio><\/figure><p>Wassim Soubra, pianiste et compositeur libano-fran\u00e7ais, est de retour le 13 juin 2025 avec son nouvel album Il Vento.\r\n\r\nPour ce voyage musical aux \u00e9vocations cin\u00e9matographiques, Wassim Soubra s&rsquo;entoure de Julie Sevilla-Fraysse au violoncelle, d&rsquo;Henri Tournier \u00e0 la fl\u00fbte et de Khaled Al-Jaramani au oud.\r\n\r\nWassim Soubra s&rsquo;est fait conna\u00eetre du grand public au d\u00e9but des ann\u00e9es 2000 avec son projet Bach to Beirut qui rendait hommage \u00e0 la musique de J.S. Bach sur des consonnances orientales (piano, oud, percussions).\r\n\r\nS&rsquo;ensuivit un album de piano solo produit par l&rsquo;Institut du Monde Arabe (Sonates Orientales) qui lui ouvrit les portes des grandes salles de concert.\r\n\r\nCompositeur d\u00e9licat et ma\u00eetre dans l&rsquo;art de ciseler des m\u00e9lodies pures qui plonge la musique classique aux confins de la musique du monde, Wassim Sombra tisse des liens f\u00e9conds entre Orient et Occident.\r\n\r\nLa musique d&rsquo;Il Vento nous fait penser tour \u00e0 tour aux couleurs orientales d&rsquo;un Anouar Brahem, aux ambiances \u00e9th\u00e9r\u00e9es d&rsquo;un Tigran Hamasyan ou encore \u00e0 la po\u00e9sie d&rsquo;un Claude Debussy. Il ne reste plus qu&rsquo;\u00e0 fermer les yeux pour se laisser emporter par la magie de ces compositions uniques.\r\n\r\n \r\n\r\n \r\n\r\n \r\n\r\n \r\n\r\n \r\n\r\n \r\n\r\n\r\nSAMEDI 28 JUIN \u00e0 15H00\r\n\r\nau\r\n\r\nSTUDIO DE MEUDON\r\n\r\n37, rue d&rsquo;Arthelon\r\n\r\n92190 MEUDON<\/p>","protected":false},"excerpt":{"rendered":"<p>Wassim Soubra, pianiste et compositeur libano-fran\u00e7ais, est de retour le 13 juin 2025 avec son nouvel album Il Vento. Pour ce voyage musical aux \u00e9vocations cin\u00e9matographiques, Wassim Soubra s&rsquo;entoure de Julie Sevilla-Fraysse au violoncelle, d&rsquo;Henri Tournier \u00e0 la fl\u00fbte et de Khaled Al-Jaramani au oud. Wassim Soubra s&rsquo;est fait conna\u00eetre du grand public au d\u00e9but [&hellip;]<\/p>\n","protected":false},"author":11,"featured_media":0,"comment_status":"closed","ping_status":"open","sticky":false,"template":"","format":"standard","meta":{"footnotes":""},"categories":[],"tags":[],"_links":{"self":[{"href":"https:\/\/www.yvelinesradio.com\/radio\/wp-json\/wp\/v2\/posts\/1857"}],"collection":[{"href":"https:\/\/www.yvelinesradio.com\/radio\/wp-json\/wp\/v2\/posts"}],"about":[{"href":"https:\/\/www.yvelinesradio.com\/radio\/wp-json\/wp\/v2\/types\/post"}],"author":[{"embeddable":true,"href":"https:\/\/www.yvelinesradio.com\/radio\/wp-json\/wp\/v2\/users\/11"}],"replies":[{"embeddable":true,"href":"https:\/\/www.yvelinesradio.com\/radio\/wp-json\/wp\/v2\/comments?post=1857"}],"version-history":[{"count":0,"href":"https:\/\/www.yvelinesradio.com\/radio\/wp-json\/wp\/v2\/posts\/1857\/revisions"}],"wp:attachment":[{"href":"https:\/\/www.yvelinesradio.com\/radio\/wp-json\/wp\/v2\/media?parent=1857"}],"wp:term":[{"taxonomy":"category","embeddable":true,"href":"https:\/\/www.yvelinesradio.com\/radio\/wp-json\/wp\/v2\/categories?post=1857"},{"taxonomy":"post_tag","embeddable":true,"href":"https:\/\/www.yvelinesradio.com\/radio\/wp-json\/wp\/v2\/tags?post=1857"}],"curies":[{"name":"wp","href":"https:\/\/api.w.org\/{rel}","templated":true}]}}