{"id":1853,"date":"2025-06-28T00:00:00","date_gmt":"2025-06-28T00:00:00","guid":{"rendered":""},"modified":"2025-06-28T00:00:00","modified_gmt":"2025-06-28T00:00:00","slug":"2025063076240","status":"publish","type":"post","link":"https:\/\/www.yvelinesradio.com\/radio\/2025\/06\/28\/2025063076240\/","title":{"rendered":"\u00a0\u00bb LA CRAVATE JAUNE\u00a0\u00bb"},"content":{"rendered":"<figure class=\"wp-block-image size-full\"><img decoding=\"async\" src=\"https:\/\/www.yvelinesradio.com\/infos\/chroniques\/SORTIES_A_PARIS____LA_CRAVATE_JAUNE___7355577312.jpg\"alt=\"\" class=\"wp-image-32\" \/><\/figure><figure class=\"wp-block-audio\"><audio controls src=\"https:\/\/www.yvelinesradio.com\/infos\/chroniques\/SORTIES_A_PARIS____LA_CRAVATE_JAUNE___2394810134.mp3\"><\/audio><\/figure><p>\u00ab\u00a0LA CRAVATE JAUNE\u00a0\u00bb, un spectacle de Florent MATHEY &#038; Philippe NICAUD;\r\n\r\n(Je fais partie d&rsquo;une g\u00e9n\u00e9ration dont le patronyme de Philippe Nicaud, a berc\u00e9 mes souvenirs d&rsquo;un com\u00e9dien en noir et blanc, sur la seule cha\u00eene existante, et en couverture de T\u00e9l\u00e9 7 Jours, cela me fait tr\u00e8s bizarre, d&rsquo;en trouver un autre . C&rsquo;est comme si demain je devais parler d&rsquo;un Louis de Fun\u00e8s, ou d&rsquo;une autre figure de mes souvenirs&#8230;)\r\n\r\n \r\n\r\nOn ne sait jamais ce que le rire nous r\u00e9serve !!!\r\n\r\nAvec:\r\n\r\nFlorent MATHEY\r\n\r\nDirection Artistique: Philippe NICAUD\r\n\r\n \r\n\r\nEt puisque c&rsquo;est dr\u00f4le, il ne faut pas bouder votre plaisir, ce spectacle vous attend:\r\n\r\n Du 5 au 14 Juillet 2025 \u00e0 15h50\r\n\r\n(Dans le cadre du festival OFF 2025, en Avignon).\r\n\r\n \r\n\r\nDur\u00e9e: 1h00\r\n\r\n\r\n \r\n\r\nTH\u00c9\u00c2TRE  MAISON RACINE\r\n\r\nR\u00e9servations: 06 03 42 05 76\r\n\r\n \r\n\r\n \r\n\r\nRobert BONNARDOT<\/p>","protected":false},"excerpt":{"rendered":"<p>\u00ab\u00a0LA CRAVATE JAUNE\u00a0\u00bb, un spectacle de Florent MATHEY &#038; Philippe NICAUD; (Je fais partie d&rsquo;une g\u00e9n\u00e9ration dont le patronyme de Philippe Nicaud, a berc\u00e9 mes souvenirs d&rsquo;un com\u00e9dien en noir et blanc, sur la seule cha\u00eene existante, et en couverture de T\u00e9l\u00e9 7 Jours, cela me fait tr\u00e8s bizarre, d&rsquo;en trouver un autre . C&rsquo;est [&hellip;]<\/p>\n","protected":false},"author":11,"featured_media":0,"comment_status":"closed","ping_status":"open","sticky":false,"template":"","format":"standard","meta":{"footnotes":""},"categories":[],"tags":[],"_links":{"self":[{"href":"https:\/\/www.yvelinesradio.com\/radio\/wp-json\/wp\/v2\/posts\/1853"}],"collection":[{"href":"https:\/\/www.yvelinesradio.com\/radio\/wp-json\/wp\/v2\/posts"}],"about":[{"href":"https:\/\/www.yvelinesradio.com\/radio\/wp-json\/wp\/v2\/types\/post"}],"author":[{"embeddable":true,"href":"https:\/\/www.yvelinesradio.com\/radio\/wp-json\/wp\/v2\/users\/11"}],"replies":[{"embeddable":true,"href":"https:\/\/www.yvelinesradio.com\/radio\/wp-json\/wp\/v2\/comments?post=1853"}],"version-history":[{"count":0,"href":"https:\/\/www.yvelinesradio.com\/radio\/wp-json\/wp\/v2\/posts\/1853\/revisions"}],"wp:attachment":[{"href":"https:\/\/www.yvelinesradio.com\/radio\/wp-json\/wp\/v2\/media?parent=1853"}],"wp:term":[{"taxonomy":"category","embeddable":true,"href":"https:\/\/www.yvelinesradio.com\/radio\/wp-json\/wp\/v2\/categories?post=1853"},{"taxonomy":"post_tag","embeddable":true,"href":"https:\/\/www.yvelinesradio.com\/radio\/wp-json\/wp\/v2\/tags?post=1853"}],"curies":[{"name":"wp","href":"https:\/\/api.w.org\/{rel}","templated":true}]}}