{"id":1839,"date":"2025-06-17T00:00:00","date_gmt":"2025-06-17T00:00:00","guid":{"rendered":""},"modified":"2025-06-17T00:00:00","modified_gmt":"2025-06-17T00:00:00","slug":"20250619395024","status":"publish","type":"post","link":"https:\/\/www.yvelinesradio.com\/radio\/2025\/06\/17\/20250619395024\/","title":{"rendered":"\u00ab\u00a0LE SYNDROME d&rsquo;HERCULE\u00a0\u00bb"},"content":{"rendered":"<figure class=\"wp-block-image size-full\"><img decoding=\"async\" src=\"https:\/\/www.yvelinesradio.com\/infos\/chroniques\/SORTIES_A_PARIS___LE_SYNDROME_d_HERCULE___3111310851.jpeg\"alt=\"\" class=\"wp-image-32\" \/><\/figure><figure class=\"wp-block-audio\"><audio controls src=\"https:\/\/www.yvelinesradio.com\/infos\/chroniques\/SORTIES_A_PARIS___LE_SYNDROME_d_HERCULE___5943514583.mp3\"><\/audio><\/figure><p>Un spectacle JEUNE PUBLIC, et Musical, d\u00e8s 6 ans.\r\n\r\n\u00c0 quoi pourrait ressembler les 12 Travaux d&rsquo;Hercule au XXI\u00e8me si\u00e8cle?\r\n\r\nUn spectacle de Gilles SALL\u00c9 &#038; Marie COURTEL, et ils en sont les interpr\u00e8tes.\r\n\r\nGilles SALL\u00c9, signe la Mise en Sc\u00e8ne.\r\n\r\n \r\n\r\nDu 5 au 26 Juillet \u00e0 11h30\r\n\r\n(Rel\u00e2ches les Jeudis)\r\n\r\n \r\n\r\nDur\u00e9e: 1h00\r\n\r\n \r\n\r\n\r\n \r\n\r\nTH\u00c9\u00c2TRE DU COLL\u00c8GE DE LA SALLE\r\n\r\n04 65 00 02 33\r\n\r\n \r\n\r\nRobert BONNARDOT<\/p>","protected":false},"excerpt":{"rendered":"<p>Un spectacle JEUNE PUBLIC, et Musical, d\u00e8s 6 ans. \u00c0 quoi pourrait ressembler les 12 Travaux d&rsquo;Hercule au XXI\u00e8me si\u00e8cle? Un spectacle de Gilles SALL\u00c9 &#038; Marie COURTEL, et ils en sont les interpr\u00e8tes. Gilles SALL\u00c9, signe la Mise en Sc\u00e8ne. Du 5 au 26 Juillet \u00e0 11h30 (Rel\u00e2ches les Jeudis) Dur\u00e9e: 1h00 TH\u00c9\u00c2TRE DU [&hellip;]<\/p>\n","protected":false},"author":11,"featured_media":0,"comment_status":"closed","ping_status":"open","sticky":false,"template":"","format":"standard","meta":{"footnotes":""},"categories":[],"tags":[],"_links":{"self":[{"href":"https:\/\/www.yvelinesradio.com\/radio\/wp-json\/wp\/v2\/posts\/1839"}],"collection":[{"href":"https:\/\/www.yvelinesradio.com\/radio\/wp-json\/wp\/v2\/posts"}],"about":[{"href":"https:\/\/www.yvelinesradio.com\/radio\/wp-json\/wp\/v2\/types\/post"}],"author":[{"embeddable":true,"href":"https:\/\/www.yvelinesradio.com\/radio\/wp-json\/wp\/v2\/users\/11"}],"replies":[{"embeddable":true,"href":"https:\/\/www.yvelinesradio.com\/radio\/wp-json\/wp\/v2\/comments?post=1839"}],"version-history":[{"count":0,"href":"https:\/\/www.yvelinesradio.com\/radio\/wp-json\/wp\/v2\/posts\/1839\/revisions"}],"wp:attachment":[{"href":"https:\/\/www.yvelinesradio.com\/radio\/wp-json\/wp\/v2\/media?parent=1839"}],"wp:term":[{"taxonomy":"category","embeddable":true,"href":"https:\/\/www.yvelinesradio.com\/radio\/wp-json\/wp\/v2\/categories?post=1839"},{"taxonomy":"post_tag","embeddable":true,"href":"https:\/\/www.yvelinesradio.com\/radio\/wp-json\/wp\/v2\/tags?post=1839"}],"curies":[{"name":"wp","href":"https:\/\/api.w.org\/{rel}","templated":true}]}}