{"id":1836,"date":"2025-06-16T00:00:00","date_gmt":"2025-06-16T00:00:00","guid":{"rendered":""},"modified":"2025-06-16T00:00:00","modified_gmt":"2025-06-16T00:00:00","slug":"20250618154225","status":"publish","type":"post","link":"https:\/\/www.yvelinesradio.com\/radio\/2025\/06\/16\/20250618154225\/","title":{"rendered":"\u00ab\u00a0POUR VOTRE BIEN\u00a0\u00bb Avignon OFF 2025"},"content":{"rendered":"<figure class=\"wp-block-image size-full\"><img decoding=\"async\" src=\"https:\/\/www.yvelinesradio.com\/infos\/chroniques\/SORTIES_A_PARIS___POUR_VOTRE_BIEN__Avignon_OFF_______4276213833.jpg\"alt=\"\" class=\"wp-image-32\" \/><\/figure><figure class=\"wp-block-audio\"><audio controls src=\"https:\/\/www.yvelinesradio.com\/infos\/chroniques\/SORTIES_A_PARIS___POUR_VOTRE_BIEN__Avignon_OFF_______2100240251.mp3\"><\/audio><\/figure><p>Ce spectacle est n\u00e9 de la nouvelle collaboration entre :\r\n\u0095 Luis Torreao, artiste mime et metteur en sc\u00e8ne franco-br\u00e9silien, dont les spectacles explorent l&rsquo;univers po\u00e9tique de l&rsquo;intime et de l&rsquo;\u00e9trange ;\r\n\u0095 Doroth\u00e9e Malfoy-No\u00ebl, com\u00e9dienne et auteure, qui a men\u00e9 des recherches en anthropologie historique de la peur et de la violence ;\r\n\u0095 Avec la complicit\u00e9 de Cosette Dubois \u00e0 la dramaturgie ;\r\n\u0095 Et avec : Rachi Afsahi, Cosette Dubois, Doroth\u00e9e Malfoy-No\u00ebl, et en alternance : Rapha\u00ebl Colleau, Laurent Deschamps, Luis Torreao.\r\n\r\n \r\n\r\nDu 5 au 26 Juillet 2025 \u00e0 19h30\r\n\r\n(Rel\u00e2ches les 9, 16, 23 Juillet)\r\n\r\nAvant-Premi\u00e8re: Le 4 Juillet \u00e0 19h30\r\n\r\n \r\n\r\nDur\u00e9e: 1h10\r\n\r\n\r\nFABRIK&rsquo;TH\u00c9\u00c2TRE\r\n\r\nR\u00e9servations: 07 66 79 68 32\r\n\r\n \r\n\r\n \r\n\r\nRobert BONNARDOT<\/p>","protected":false},"excerpt":{"rendered":"<p>Ce spectacle est n\u00e9 de la nouvelle collaboration entre : \u0095 Luis Torreao, artiste mime et metteur en sc\u00e8ne franco-br\u00e9silien, dont les spectacles explorent l&rsquo;univers po\u00e9tique de l&rsquo;intime et de l&rsquo;\u00e9trange ; \u0095 Doroth\u00e9e Malfoy-No\u00ebl, com\u00e9dienne et auteure, qui a men\u00e9 des recherches en anthropologie historique de la peur et de la violence ; \u0095 [&hellip;]<\/p>\n","protected":false},"author":11,"featured_media":0,"comment_status":"closed","ping_status":"open","sticky":false,"template":"","format":"standard","meta":{"footnotes":""},"categories":[],"tags":[],"_links":{"self":[{"href":"https:\/\/www.yvelinesradio.com\/radio\/wp-json\/wp\/v2\/posts\/1836"}],"collection":[{"href":"https:\/\/www.yvelinesradio.com\/radio\/wp-json\/wp\/v2\/posts"}],"about":[{"href":"https:\/\/www.yvelinesradio.com\/radio\/wp-json\/wp\/v2\/types\/post"}],"author":[{"embeddable":true,"href":"https:\/\/www.yvelinesradio.com\/radio\/wp-json\/wp\/v2\/users\/11"}],"replies":[{"embeddable":true,"href":"https:\/\/www.yvelinesradio.com\/radio\/wp-json\/wp\/v2\/comments?post=1836"}],"version-history":[{"count":0,"href":"https:\/\/www.yvelinesradio.com\/radio\/wp-json\/wp\/v2\/posts\/1836\/revisions"}],"wp:attachment":[{"href":"https:\/\/www.yvelinesradio.com\/radio\/wp-json\/wp\/v2\/media?parent=1836"}],"wp:term":[{"taxonomy":"category","embeddable":true,"href":"https:\/\/www.yvelinesradio.com\/radio\/wp-json\/wp\/v2\/categories?post=1836"},{"taxonomy":"post_tag","embeddable":true,"href":"https:\/\/www.yvelinesradio.com\/radio\/wp-json\/wp\/v2\/tags?post=1836"}],"curies":[{"name":"wp","href":"https:\/\/api.w.org\/{rel}","templated":true}]}}