{"id":1828,"date":"2025-06-14T00:00:00","date_gmt":"2025-06-14T00:00:00","guid":{"rendered":""},"modified":"2025-06-14T00:00:00","modified_gmt":"2025-06-14T00:00:00","slug":"20250616303444","status":"publish","type":"post","link":"https:\/\/www.yvelinesradio.com\/radio\/2025\/06\/14\/20250616303444\/","title":{"rendered":"\u00ab\u00a0AVANT D&rsquo;ALLER MIEUX\u00a0\u00bb au STUDIO H\u00c9BERTOT"},"content":{"rendered":"<figure class=\"wp-block-image size-full\"><img decoding=\"async\" src=\"https:\/\/www.yvelinesradio.com\/infos\/chroniques\/SORTIES_A_PARIS___AVANT_D_ALLER_MIEUX__au_STUDIO_H_BERTOT__6536293905.jpg\"alt=\"\" class=\"wp-image-32\" \/><\/figure><figure class=\"wp-block-audio\"><audio controls src=\"https:\/\/www.yvelinesradio.com\/infos\/chroniques\/SORTIES_A_PARIS___AVANT_D_ALLER_MIEUX__au_STUDIO_H_BERTOT__9216005465.mp3\"><\/audio><\/figure><p>Quatre artistes qui n&rsquo;y arrivent pas, mais qui aimeraient y arriver&#8230;\r\n\r\nUne salle de r\u00e9p\u00e9tition, mais pas de pi\u00e8ce&#8230; Du d\u00e9bat f\u00e9ministe et des chansons&#8230; Donc tout devrait &#8211; \u00e0 la fin du spectacle, aller beaucoup mieux.\r\n\r\nC&rsquo;est ce que vous saurez, en venant les voir, vous ne pourrez avoir que de bonnes surprises !\r\n\r\nUn spectacle de Emmanuel DOUHERET\r\n\r\nAvec:\r\n\r\nAlice ROSINE\r\n\r\nLouise VISSEAUX\r\n\r\nVictor DUPUIS\r\n\r\nEmmanuel DOUHERET\r\n\r\n \r\n\r\nMise en Sc\u00e8ne: Manon AGOSTINI\r\n\r\n \r\n\r\nDur\u00e9e: 1h20\r\n\r\n \r\n\r\nDu 5 au 20 Juillet 2025\r\n\r\nLes Mardis et Mercredis \u00e0 20h00\r\n\r\nLes Samedis \u00e0 16h30\r\n\r\nLes Dimanches \u00e0 14h30\r\n\r\n(Rel\u00e2ches les 15 et 16 Juillet)\r\n\r\n \r\n\r\n\r\nSTUDIO H\u00c9BERTOT\r\n\r\n01 42 93 13 04\r\n\r\n \r\n\r\n \r\n\r\nRobert BONNARDOT<\/p>","protected":false},"excerpt":{"rendered":"<p>Quatre artistes qui n&rsquo;y arrivent pas, mais qui aimeraient y arriver&#8230; Une salle de r\u00e9p\u00e9tition, mais pas de pi\u00e8ce&#8230; Du d\u00e9bat f\u00e9ministe et des chansons&#8230; Donc tout devrait &#8211; \u00e0 la fin du spectacle, aller beaucoup mieux. C&rsquo;est ce que vous saurez, en venant les voir, vous ne pourrez avoir que de bonnes surprises ! [&hellip;]<\/p>\n","protected":false},"author":11,"featured_media":0,"comment_status":"closed","ping_status":"open","sticky":false,"template":"","format":"standard","meta":{"footnotes":""},"categories":[],"tags":[],"_links":{"self":[{"href":"https:\/\/www.yvelinesradio.com\/radio\/wp-json\/wp\/v2\/posts\/1828"}],"collection":[{"href":"https:\/\/www.yvelinesradio.com\/radio\/wp-json\/wp\/v2\/posts"}],"about":[{"href":"https:\/\/www.yvelinesradio.com\/radio\/wp-json\/wp\/v2\/types\/post"}],"author":[{"embeddable":true,"href":"https:\/\/www.yvelinesradio.com\/radio\/wp-json\/wp\/v2\/users\/11"}],"replies":[{"embeddable":true,"href":"https:\/\/www.yvelinesradio.com\/radio\/wp-json\/wp\/v2\/comments?post=1828"}],"version-history":[{"count":0,"href":"https:\/\/www.yvelinesradio.com\/radio\/wp-json\/wp\/v2\/posts\/1828\/revisions"}],"wp:attachment":[{"href":"https:\/\/www.yvelinesradio.com\/radio\/wp-json\/wp\/v2\/media?parent=1828"}],"wp:term":[{"taxonomy":"category","embeddable":true,"href":"https:\/\/www.yvelinesradio.com\/radio\/wp-json\/wp\/v2\/categories?post=1828"},{"taxonomy":"post_tag","embeddable":true,"href":"https:\/\/www.yvelinesradio.com\/radio\/wp-json\/wp\/v2\/tags?post=1828"}],"curies":[{"name":"wp","href":"https:\/\/api.w.org\/{rel}","templated":true}]}}