{"id":1809,"date":"2025-06-07T00:00:00","date_gmt":"2025-06-07T00:00:00","guid":{"rendered":""},"modified":"2025-06-07T00:00:00","modified_gmt":"2025-06-07T00:00:00","slug":"20250609983902","status":"publish","type":"post","link":"https:\/\/www.yvelinesradio.com\/radio\/2025\/06\/07\/20250609983902\/","title":{"rendered":"JULIEN JOUBERT &#8211; Festival OFF Avignon 2025"},"content":{"rendered":"<figure class=\"wp-block-image size-full\"><img decoding=\"async\" src=\"https:\/\/www.yvelinesradio.com\/infos\/chroniques\/SORTIES_A_PARIS__JULIEN_JOUBERT___Festival_OFF_Avignon_____2377291009.jpg\"alt=\"\" class=\"wp-image-32\" \/><\/figure><figure class=\"wp-block-audio\"><audio controls src=\"https:\/\/www.yvelinesradio.com\/infos\/chroniques\/SORTIES_A_PARIS__JULIEN_JOUBERT___Festival_OFF_Avignon_____1178542667.mp3\"><\/audio><\/figure><p>Julien JOUBERT, a eu beaucoup de succ\u00e8s, avec deux spectacles vus au Th\u00e9\u00e2tre Montmartre Galabru.\r\n\r\nCes deux affiches sont programm\u00e9es, dans deux salles diff\u00e9rentes, \u00e0 l&rsquo;occasion de l&rsquo;\u00e9dition 2025, du Festival Off en Avignon.\r\n\r\n \r\n\r\n\r\n \r\n\r\n\u00ab\u00a0Tout le Monde \u00e9crit des Chansons\u00a0\u00bb. Un show applaudi en F\u00e9vrier 2024, dont nous disions:\r\n\r\n\u00ab\u00a0Un spectacle joyeux, rafraichissant, dr\u00f4le et intelligent, qui met en joie une salle comble et sous le charme.\u00a0\u00bb\r\n\r\nIl vous attend du 5 au 26 Juillet \u00e0 16h10\r\n\r\n(Rel\u00e2ches les Mercredis)\r\n\r\nDur\u00e9e: 1h10\r\n\r\n\r\nTH\u00c9\u00c2TRE AU COIN DE LA LUNE\r\n\r\n04 90 86 96 28\r\n\r\n \r\n\r\n \r\n\r\n\r\n \r\n\r\n\u00ab\u00a0Une Histoire de la Musique en 70 minutes\u00a0\u00bb\r\n\r\nNous avons eu la chance de nous laisser conter cette Histoire en Janvier 2025, et nous disions: \u00ab\u00a0&#8230; Comme toujours ses spectacles sont destin\u00e9s \u00e0 toute la famille, et tous les \u00e2ges sont dans la salle, captiv\u00e9s par cette Histoire de la Musique\u00a0\u00bb.\r\n\r\nRetrouvez-le, du 5 au 26 Juillet 2025 \u00e0 10h00\r\n\r\n(Rel\u00e2ches les Mercredis)\r\n\r\nDur\u00e9e: 1h10\r\n\r\n\r\n \r\n\r\nTH\u00c9\u00c2TRE L&rsquo;ORIFLAMME\r\n\r\n04 88 61 17 75\r\n\r\n \r\n\r\n \r\n\r\nRobert BONNARDOT<\/p>","protected":false},"excerpt":{"rendered":"<p>Julien JOUBERT, a eu beaucoup de succ\u00e8s, avec deux spectacles vus au Th\u00e9\u00e2tre Montmartre Galabru. Ces deux affiches sont programm\u00e9es, dans deux salles diff\u00e9rentes, \u00e0 l&rsquo;occasion de l&rsquo;\u00e9dition 2025, du Festival Off en Avignon. \u00ab\u00a0Tout le Monde \u00e9crit des Chansons\u00a0\u00bb. Un show applaudi en F\u00e9vrier 2024, dont nous disions: \u00ab\u00a0Un spectacle joyeux, rafraichissant, dr\u00f4le et [&hellip;]<\/p>\n","protected":false},"author":11,"featured_media":0,"comment_status":"closed","ping_status":"open","sticky":false,"template":"","format":"standard","meta":{"footnotes":""},"categories":[],"tags":[],"_links":{"self":[{"href":"https:\/\/www.yvelinesradio.com\/radio\/wp-json\/wp\/v2\/posts\/1809"}],"collection":[{"href":"https:\/\/www.yvelinesradio.com\/radio\/wp-json\/wp\/v2\/posts"}],"about":[{"href":"https:\/\/www.yvelinesradio.com\/radio\/wp-json\/wp\/v2\/types\/post"}],"author":[{"embeddable":true,"href":"https:\/\/www.yvelinesradio.com\/radio\/wp-json\/wp\/v2\/users\/11"}],"replies":[{"embeddable":true,"href":"https:\/\/www.yvelinesradio.com\/radio\/wp-json\/wp\/v2\/comments?post=1809"}],"version-history":[{"count":0,"href":"https:\/\/www.yvelinesradio.com\/radio\/wp-json\/wp\/v2\/posts\/1809\/revisions"}],"wp:attachment":[{"href":"https:\/\/www.yvelinesradio.com\/radio\/wp-json\/wp\/v2\/media?parent=1809"}],"wp:term":[{"taxonomy":"category","embeddable":true,"href":"https:\/\/www.yvelinesradio.com\/radio\/wp-json\/wp\/v2\/categories?post=1809"},{"taxonomy":"post_tag","embeddable":true,"href":"https:\/\/www.yvelinesradio.com\/radio\/wp-json\/wp\/v2\/tags?post=1809"}],"curies":[{"name":"wp","href":"https:\/\/api.w.org\/{rel}","templated":true}]}}