{"id":1805,"date":"2025-06-02T00:00:00","date_gmt":"2025-06-02T00:00:00","guid":{"rendered":""},"modified":"2025-06-02T00:00:00","modified_gmt":"2025-06-02T00:00:00","slug":"202506041897","status":"publish","type":"post","link":"https:\/\/www.yvelinesradio.com\/radio\/2025\/06\/02\/202506041897\/","title":{"rendered":"\u00ab\u00a0LES FEMMES GOLDONI\u00a0\u00bb \u00c0 La Folie Th\u00e9\u00e2tre"},"content":{"rendered":"<figure class=\"wp-block-image size-full\"><img decoding=\"async\" src=\"https:\/\/www.yvelinesradio.com\/infos\/chroniques\/SORTIES_A_PARIS___LES_FEMMES_GOLDONI____La_Folie_Th__tre__1400898591.jpg\"alt=\"\" class=\"wp-image-32\" \/><\/figure><figure class=\"wp-block-audio\"><audio controls src=\"https:\/\/www.yvelinesradio.com\/infos\/chroniques\/SORTIES_A_PARIS___LES_FEMMES_GOLDONI____La_Folie_Th__tre__7830972855.mp3\"><\/audio><\/figure><p>Une pi\u00e8ce \u00e9crite par Corinne FRAN\u00c7OIS-DEN\u00c8VE\r\n\r\n&#038;\r\n\r\nBeno\u00eet LEPECQ, qui signe la Mise en Sc\u00e8ne;\r\n\r\n \r\n\r\nAvec humour et l\u00e9g\u00e8ret\u00e9, Les Femmes Goldoni brosse le portrait de trois de ses actrices sous l&rsquo;influence de La locandiera, tout en s&rsquo;inscrivant dans la grande tradition de la com\u00e9die de caract\u00e8re.\r\nEn 1793, au quartier des Halles, deux actrices v\u00e9nitiennes de Carlo Goldoni reviennent des obs\u00e8ques parisiennes du dramaturge. L&rsquo;une a triomph\u00e9 dans La locandiera, l&rsquo;autre fut premi\u00e8re amoureuse dans ses pi\u00e8ces. Alors que la r\u00e9volution fran\u00e7aise gronde, elles \u00e9chouent dans une auberge tenue par un gar\u00e7on \u00e9pique. La post\u00e9rit\u00e9 du maestro prendra une tournure inattendue gr\u00e2ce \u00e0 ce Gavroche avant l&rsquo;heure : ces com\u00e9diennes trouveront-elles en lui un digne h\u00e9ritier du Moli\u00e8re italien ? Mais \u00e0 force de jurer qu&rsquo;il ne joue pas la com\u00e9die, ne finira-t-il pas par les duper ?\r\n \r\nAvec:\r\n\r\nMarianne CHASSAGNE-BERTHIER\r\n\r\nC\u00e9line FOREST BARATIN\r\n\r\nLou DEFRESSIGNE\r\n\r\n \r\n\r\nDu 25 Juin au 19 Juillet 2025\r\n\r\nDu Mercredi au Samedi \u00e0 19h30\r\n\r\n \r\n\r\nDur\u00e9e: 1h35\r\n\r\n \r\n\r\n \r\n\r\n\r\n \r\n\r\n\u00c0 LA FOLIE TH\u00c9\u00c2TRE\r\n\r\n01 43 55 14 80\r\n\r\n \r\n\r\n \r\n\r\nRobert BONNARDOT<\/p>","protected":false},"excerpt":{"rendered":"<p>Une pi\u00e8ce \u00e9crite par Corinne FRAN\u00c7OIS-DEN\u00c8VE &#038; Beno\u00eet LEPECQ, qui signe la Mise en Sc\u00e8ne; Avec humour et l\u00e9g\u00e8ret\u00e9, Les Femmes Goldoni brosse le portrait de trois de ses actrices sous l&rsquo;influence de La locandiera, tout en s&rsquo;inscrivant dans la grande tradition de la com\u00e9die de caract\u00e8re. En 1793, au quartier des Halles, deux actrices [&hellip;]<\/p>\n","protected":false},"author":11,"featured_media":0,"comment_status":"closed","ping_status":"open","sticky":false,"template":"","format":"standard","meta":{"footnotes":""},"categories":[],"tags":[],"_links":{"self":[{"href":"https:\/\/www.yvelinesradio.com\/radio\/wp-json\/wp\/v2\/posts\/1805"}],"collection":[{"href":"https:\/\/www.yvelinesradio.com\/radio\/wp-json\/wp\/v2\/posts"}],"about":[{"href":"https:\/\/www.yvelinesradio.com\/radio\/wp-json\/wp\/v2\/types\/post"}],"author":[{"embeddable":true,"href":"https:\/\/www.yvelinesradio.com\/radio\/wp-json\/wp\/v2\/users\/11"}],"replies":[{"embeddable":true,"href":"https:\/\/www.yvelinesradio.com\/radio\/wp-json\/wp\/v2\/comments?post=1805"}],"version-history":[{"count":0,"href":"https:\/\/www.yvelinesradio.com\/radio\/wp-json\/wp\/v2\/posts\/1805\/revisions"}],"wp:attachment":[{"href":"https:\/\/www.yvelinesradio.com\/radio\/wp-json\/wp\/v2\/media?parent=1805"}],"wp:term":[{"taxonomy":"category","embeddable":true,"href":"https:\/\/www.yvelinesradio.com\/radio\/wp-json\/wp\/v2\/categories?post=1805"},{"taxonomy":"post_tag","embeddable":true,"href":"https:\/\/www.yvelinesradio.com\/radio\/wp-json\/wp\/v2\/tags?post=1805"}],"curies":[{"name":"wp","href":"https:\/\/api.w.org\/{rel}","templated":true}]}}