{"id":1767,"date":"2025-05-16T00:00:00","date_gmt":"2025-05-16T00:00:00","guid":{"rendered":""},"modified":"2025-05-16T00:00:00","modified_gmt":"2025-05-16T00:00:00","slug":"20250518976653","status":"publish","type":"post","link":"https:\/\/www.yvelinesradio.com\/radio\/2025\/05\/16\/20250518976653\/","title":{"rendered":"\u00ab\u00a0TCHEKHOV \u00e0 La Folie\u00a0\u00bb au Poche-Montparnasse"},"content":{"rendered":"<figure class=\"wp-block-image size-full\"><img decoding=\"async\" src=\"https:\/\/www.yvelinesradio.com\/infos\/chroniques\/SORTIES_A_PARIS___TCHEKHOV___La_Folie__au_Poche_Montparna__4473995726.jpg\"alt=\"\" class=\"wp-image-32\" \/><\/figure><figure class=\"wp-block-audio\"><audio controls src=\"https:\/\/www.yvelinesradio.com\/infos\/chroniques\/SORTIES_A_PARIS___TCHEKHOV___La_Folie__au_Poche_Montparna__5882022051.mp3\"><\/audio><\/figure><p>\u00ab\u00a0TCHEKHOV \u00c0 LA FOLIE\u00a0\u00bb, un spectacle r\u00e9solument dr\u00f4le, on y rit avec plaisir, qui additionne deux pi\u00e8ces de ce bon Anton.\r\n\r\nL&rsquo;OURS et la DEMANDE en MARIAGE.\r\n\r\nDu rythme, une interpr\u00e9tation talentueuse, par une distribution  merveilleuse:\r\n\r\n\u00c9meline BAYART\r\n\r\nJean-Paul FARR\u00c9\r\n\r\nLuc TREMBLAIS\r\n\r\nDes situations cocasses, une folie ambiante, une soir\u00e9e dont vous allez vous  souvenir, et que vous allez recommander \u00e0 vos amis !\r\n\r\nCostumes: Krystel HAMONIC\r\n\r\nD\u00e9cors: Jean HAAS\r\n\r\nLumi\u00e8res: Alireza KISHIPOUR\r\n\r\n \r\n\r\nMise en Sc\u00e8ne: Jean-Louis BENO\u00ceT, assist\u00e9 de Anthony COCHIN\r\n\r\n \r\n\r\nDur\u00e9e: 1h20\r\n\r\n \r\n\r\nDu Mardi au Samedi \u00e0 21h00\r\n\r\nLes Dimanches \u00e0 17h00\r\n\r\n \r\n\r\n\r\nTH\u00c9\u00c2TRE DE POCHE MONTPARNASSE\r\n\r\n01 45 44 50 21\r\n\r\n \r\n\r\n \r\n\r\nRobert BONNARDOT<\/p>","protected":false},"excerpt":{"rendered":"<p>\u00ab\u00a0TCHEKHOV \u00c0 LA FOLIE\u00a0\u00bb, un spectacle r\u00e9solument dr\u00f4le, on y rit avec plaisir, qui additionne deux pi\u00e8ces de ce bon Anton. L&rsquo;OURS et la DEMANDE en MARIAGE. Du rythme, une interpr\u00e9tation talentueuse, par une distribution merveilleuse: \u00c9meline BAYART Jean-Paul FARR\u00c9 Luc TREMBLAIS Des situations cocasses, une folie ambiante, une soir\u00e9e dont vous allez vous souvenir, [&hellip;]<\/p>\n","protected":false},"author":11,"featured_media":0,"comment_status":"closed","ping_status":"open","sticky":false,"template":"","format":"standard","meta":{"footnotes":""},"categories":[],"tags":[],"_links":{"self":[{"href":"https:\/\/www.yvelinesradio.com\/radio\/wp-json\/wp\/v2\/posts\/1767"}],"collection":[{"href":"https:\/\/www.yvelinesradio.com\/radio\/wp-json\/wp\/v2\/posts"}],"about":[{"href":"https:\/\/www.yvelinesradio.com\/radio\/wp-json\/wp\/v2\/types\/post"}],"author":[{"embeddable":true,"href":"https:\/\/www.yvelinesradio.com\/radio\/wp-json\/wp\/v2\/users\/11"}],"replies":[{"embeddable":true,"href":"https:\/\/www.yvelinesradio.com\/radio\/wp-json\/wp\/v2\/comments?post=1767"}],"version-history":[{"count":0,"href":"https:\/\/www.yvelinesradio.com\/radio\/wp-json\/wp\/v2\/posts\/1767\/revisions"}],"wp:attachment":[{"href":"https:\/\/www.yvelinesradio.com\/radio\/wp-json\/wp\/v2\/media?parent=1767"}],"wp:term":[{"taxonomy":"category","embeddable":true,"href":"https:\/\/www.yvelinesradio.com\/radio\/wp-json\/wp\/v2\/categories?post=1767"},{"taxonomy":"post_tag","embeddable":true,"href":"https:\/\/www.yvelinesradio.com\/radio\/wp-json\/wp\/v2\/tags?post=1767"}],"curies":[{"name":"wp","href":"https:\/\/api.w.org\/{rel}","templated":true}]}}