{"id":1748,"date":"2025-05-06T00:00:00","date_gmt":"2025-05-06T00:00:00","guid":{"rendered":""},"modified":"2025-05-06T00:00:00","modified_gmt":"2025-05-06T00:00:00","slug":"20250507656718","status":"publish","type":"post","link":"https:\/\/www.yvelinesradio.com\/radio\/2025\/05\/06\/20250507656718\/","title":{"rendered":"\u00a0\u00bb Une Heure Avec&#8230;\u00a0\u00bb  Alain Sachs ,  Morgane Touzalin-Macabiau , Pascal Bendavid  (REDIFFUSION)"},"content":{"rendered":"<figure class=\"wp-block-image size-full\"><img decoding=\"async\" src=\"https:\/\/www.yvelinesradio.com\/infos\/emissions\/FRANCOIS_JOYEUX____Une_Heure_Avec______Alain_Sachs____Mor__4524030653.jpg\"alt=\"\" class=\"wp-image-32\" \/><\/figure><figure class=\"wp-block-audio\"><audio controls src=\"https:\/\/www.yvelinesradio.com\/infos\/emissions\/FRANCOIS_JOYEUX____Une_Heure_Avec______Alain_Sachs____Mor__3353159378.mp3\"><\/audio><\/figure><p> \u00a0\u00bb Une Heure Avec&#8230;\u00a0\u00bb Le metteur en sc\u00e8ne et com\u00e9dien Alain Sachs , et la com\u00e9dienne Morgane Touzalin-Macabiau pour le spectacle \u00ab\u00a0Et la lumi\u00e8re fut !\u00a0\u00bb(Com\u00e9die Bastille), et Pascal Bendavid pour la mise en sc\u00e8ne de la pi\u00e8ce \u00ab\u00a0Et si c&rsquo;\u00e9tait elle ?\u00a0\u00bb  (Th\u00e9\u00e2tre Montmartre Galabru, Paris)\r\nhttps:\/\/www.billetreduc.com\/360339\/evt.htm\r\nhttps:\/\/www.billetreduc.com\/311850\/evt.htm\r\n\u00e9mission enregistr\u00e9e \u00e0 l&rsquo;auguste th\u00e9\u00e2tre a paris\r\nhttps:\/\/www.augustetheatre.com<\/p>","protected":false},"excerpt":{"rendered":"<p>\u00a0\u00bb Une Heure Avec&#8230;\u00a0\u00bb Le metteur en sc\u00e8ne et com\u00e9dien Alain Sachs , et la com\u00e9dienne Morgane Touzalin-Macabiau pour le spectacle \u00ab\u00a0Et la lumi\u00e8re fut !\u00a0\u00bb(Com\u00e9die Bastille), et Pascal Bendavid pour la mise en sc\u00e8ne de la pi\u00e8ce \u00ab\u00a0Et si c&rsquo;\u00e9tait elle ?\u00a0\u00bb (Th\u00e9\u00e2tre Montmartre Galabru, Paris) https:\/\/www.billetreduc.com\/360339\/evt.htm https:\/\/www.billetreduc.com\/311850\/evt.htm \u00e9mission enregistr\u00e9e \u00e0 l&rsquo;auguste th\u00e9\u00e2tre a [&hellip;]<\/p>\n","protected":false},"author":17,"featured_media":0,"comment_status":"closed","ping_status":"open","sticky":false,"template":"","format":"standard","meta":{"footnotes":""},"categories":[],"tags":[],"_links":{"self":[{"href":"https:\/\/www.yvelinesradio.com\/radio\/wp-json\/wp\/v2\/posts\/1748"}],"collection":[{"href":"https:\/\/www.yvelinesradio.com\/radio\/wp-json\/wp\/v2\/posts"}],"about":[{"href":"https:\/\/www.yvelinesradio.com\/radio\/wp-json\/wp\/v2\/types\/post"}],"author":[{"embeddable":true,"href":"https:\/\/www.yvelinesradio.com\/radio\/wp-json\/wp\/v2\/users\/17"}],"replies":[{"embeddable":true,"href":"https:\/\/www.yvelinesradio.com\/radio\/wp-json\/wp\/v2\/comments?post=1748"}],"version-history":[{"count":0,"href":"https:\/\/www.yvelinesradio.com\/radio\/wp-json\/wp\/v2\/posts\/1748\/revisions"}],"wp:attachment":[{"href":"https:\/\/www.yvelinesradio.com\/radio\/wp-json\/wp\/v2\/media?parent=1748"}],"wp:term":[{"taxonomy":"category","embeddable":true,"href":"https:\/\/www.yvelinesradio.com\/radio\/wp-json\/wp\/v2\/categories?post=1748"},{"taxonomy":"post_tag","embeddable":true,"href":"https:\/\/www.yvelinesradio.com\/radio\/wp-json\/wp\/v2\/tags?post=1748"}],"curies":[{"name":"wp","href":"https:\/\/api.w.org\/{rel}","templated":true}]}}