{"id":1746,"date":"2025-05-03T00:00:00","date_gmt":"2025-05-03T00:00:00","guid":{"rendered":""},"modified":"2025-05-03T00:00:00","modified_gmt":"2025-05-03T00:00:00","slug":"20250506337838","status":"publish","type":"post","link":"https:\/\/www.yvelinesradio.com\/radio\/2025\/05\/03\/20250506337838\/","title":{"rendered":"\u00ab\u00a0VINCENT, SON MARI, ET SA FEMME\u00a0\u00bb \u00e0 L&rsquo;Essa\u00efon"},"content":{"rendered":"<figure class=\"wp-block-image size-full\"><img decoding=\"async\" src=\"https:\/\/www.yvelinesradio.com\/infos\/chroniques\/SORTIES_A_PARIS___VINCENT__SON_MARI__ET_SA_FEMME____L_Ess__1604223429... recto V3.jpeg\"alt=\"\" class=\"wp-image-32\" \/><\/figure><figure class=\"wp-block-audio\"><audio controls src=\"https:\/\/www.yvelinesradio.com\/infos\/chroniques\/SORTIES_A_PARIS___VINCENT__SON_MARI__ET_SA_FEMME____L_Ess__4017425031.mp3\"><\/audio><\/figure><p>Un couple \u00e0 trois, ensemble depuis 35 ans, mais leur homme commun fait des infid\u00e9lit\u00e9s&#8230;\r\n\r\nDes \u00e9pisodes de la vie de ces trois l\u00e0, leurs doutes et leurs interrogations. Une com\u00e9die sentimentale&#8230;\r\n\r\n \r\n\r\n(Edition 4\u00e8me Mur)\r\n\r\n \r\n\r\nAvec:\r\n\r\nIsabelle HETIER\r\n\r\nJean GRIMAUD\r\n\r\nPascal RUIZ\r\n\r\n \r\n\r\nUne pi\u00e8ce de Fr\u00e9d\u00e9ric SABROU, qui signe aussi les Musiques et la Mise en Sc\u00e8ne.\r\n\r\n \r\n\r\nJusqu&rsquo;au 26 Juin 2025\r\n\r\nLes Mercredis et Jeudis \u00e0 19h00\r\n\r\n(Rel\u00e2che le mercredi 14 mai)\r\n\r\n \r\n\r\nDur\u00e9e: 1h20\r\n\r\n \r\n\r\n\r\n \r\n\r\nTH\u00c9\u00c2TRE DE L&rsquo;ESSA\u00cfON\r\n\r\n01 42 78 46 42\r\n\r\n \r\n\r\n \r\n\r\nRobert BONNARDOT\r\n\r\n<\/p>","protected":false},"excerpt":{"rendered":"<p>Un couple \u00e0 trois, ensemble depuis 35 ans, mais leur homme commun fait des infid\u00e9lit\u00e9s&#8230; Des \u00e9pisodes de la vie de ces trois l\u00e0, leurs doutes et leurs interrogations. Une com\u00e9die sentimentale&#8230; (Edition 4\u00e8me Mur) Avec: Isabelle HETIER Jean GRIMAUD Pascal RUIZ Une pi\u00e8ce de Fr\u00e9d\u00e9ric SABROU, qui signe aussi les Musiques et la Mise [&hellip;]<\/p>\n","protected":false},"author":11,"featured_media":0,"comment_status":"closed","ping_status":"open","sticky":false,"template":"","format":"standard","meta":{"footnotes":""},"categories":[],"tags":[],"_links":{"self":[{"href":"https:\/\/www.yvelinesradio.com\/radio\/wp-json\/wp\/v2\/posts\/1746"}],"collection":[{"href":"https:\/\/www.yvelinesradio.com\/radio\/wp-json\/wp\/v2\/posts"}],"about":[{"href":"https:\/\/www.yvelinesradio.com\/radio\/wp-json\/wp\/v2\/types\/post"}],"author":[{"embeddable":true,"href":"https:\/\/www.yvelinesradio.com\/radio\/wp-json\/wp\/v2\/users\/11"}],"replies":[{"embeddable":true,"href":"https:\/\/www.yvelinesradio.com\/radio\/wp-json\/wp\/v2\/comments?post=1746"}],"version-history":[{"count":0,"href":"https:\/\/www.yvelinesradio.com\/radio\/wp-json\/wp\/v2\/posts\/1746\/revisions"}],"wp:attachment":[{"href":"https:\/\/www.yvelinesradio.com\/radio\/wp-json\/wp\/v2\/media?parent=1746"}],"wp:term":[{"taxonomy":"category","embeddable":true,"href":"https:\/\/www.yvelinesradio.com\/radio\/wp-json\/wp\/v2\/categories?post=1746"},{"taxonomy":"post_tag","embeddable":true,"href":"https:\/\/www.yvelinesradio.com\/radio\/wp-json\/wp\/v2\/tags?post=1746"}],"curies":[{"name":"wp","href":"https:\/\/api.w.org\/{rel}","templated":true}]}}