{"id":1715,"date":"2025-04-14T00:00:00","date_gmt":"2025-04-14T00:00:00","guid":{"rendered":""},"modified":"2025-04-14T00:00:00","modified_gmt":"2025-04-14T00:00:00","slug":"20250416721833","status":"publish","type":"post","link":"https:\/\/www.yvelinesradio.com\/radio\/2025\/04\/14\/20250416721833\/","title":{"rendered":"\u00ab\u00a0ODILE LA VE LE LINGE DES AUTRES\u00a0\u00bb au Guichet Montparnasse"},"content":{"rendered":"<figure class=\"wp-block-image size-full\"><img decoding=\"async\" src=\"https:\/\/www.yvelinesradio.com\/infos\/chroniques\/SORTIES_A_PARIS___ODILE_LA_VE_LE_LINGE_DES_AUTRES__au_Gui__1539238434.jpg\"alt=\"\" class=\"wp-image-32\" \/><\/figure><figure class=\"wp-block-audio\"><audio controls src=\"https:\/\/www.yvelinesradio.com\/infos\/chroniques\/SORTIES_A_PARIS___ODILE_LA_VE_LE_LINGE_DES_AUTRES__au_Gui__6655512839.mp3\"><\/audio><\/figure><p>Odile est n\u00e9e en 1920, dans un petit village, et vit avec sa maman qui travaille dans un lavoir.\r\n\r\nCette gentille maman, fille-m\u00e8re, Odile ne saura jamais qui est son p\u00e8re, tombe malade et \u00e0 l&rsquo;\u00e2ge de 14 ans, elle devra la remplacer au lavoir.\r\n\r\nNous sommes en 1938, et la pi\u00e8ce commence, Odile a 18 ans, et fera partie de la R\u00e9sistance!\r\n\r\nUne pi\u00e8ce \u00e9tonnante, un t\u00e9moignage sur une \u00e9poque difficile.\r\n\r\nUn spectacle \u00e0 d\u00e9couvrir, pour en savoir plus !!!\r\n\r\n \r\n\r\nAvec: Martine LADOIRE-TORNIL\r\n\r\nQui signe la Mise en Sc\u00e8ne.\r\n\r\n \r\n\r\nDu 25 Avril au 1er Juin 2025\r\n\r\nLes Vendredis \u00e0 19h00\r\n\r\nLes Samedis \u00e0 19h00\r\n\r\nLes Dimanches \u00e0 15h00\r\n\r\n \r\n\r\nDur\u00e9e: 1h15\r\n\r\n \r\n\r\n\r\nTH\u00c9\u00c2TRE LE GUICHET MONTPARNASSE\r\n\r\n01 43 27 88 61\r\n\r\n \r\n\r\nRobert BONNARDOT<\/p>","protected":false},"excerpt":{"rendered":"<p>Odile est n\u00e9e en 1920, dans un petit village, et vit avec sa maman qui travaille dans un lavoir. Cette gentille maman, fille-m\u00e8re, Odile ne saura jamais qui est son p\u00e8re, tombe malade et \u00e0 l&rsquo;\u00e2ge de 14 ans, elle devra la remplacer au lavoir. Nous sommes en 1938, et la pi\u00e8ce commence, Odile a [&hellip;]<\/p>\n","protected":false},"author":11,"featured_media":0,"comment_status":"closed","ping_status":"open","sticky":false,"template":"","format":"standard","meta":{"footnotes":""},"categories":[],"tags":[],"_links":{"self":[{"href":"https:\/\/www.yvelinesradio.com\/radio\/wp-json\/wp\/v2\/posts\/1715"}],"collection":[{"href":"https:\/\/www.yvelinesradio.com\/radio\/wp-json\/wp\/v2\/posts"}],"about":[{"href":"https:\/\/www.yvelinesradio.com\/radio\/wp-json\/wp\/v2\/types\/post"}],"author":[{"embeddable":true,"href":"https:\/\/www.yvelinesradio.com\/radio\/wp-json\/wp\/v2\/users\/11"}],"replies":[{"embeddable":true,"href":"https:\/\/www.yvelinesradio.com\/radio\/wp-json\/wp\/v2\/comments?post=1715"}],"version-history":[{"count":0,"href":"https:\/\/www.yvelinesradio.com\/radio\/wp-json\/wp\/v2\/posts\/1715\/revisions"}],"wp:attachment":[{"href":"https:\/\/www.yvelinesradio.com\/radio\/wp-json\/wp\/v2\/media?parent=1715"}],"wp:term":[{"taxonomy":"category","embeddable":true,"href":"https:\/\/www.yvelinesradio.com\/radio\/wp-json\/wp\/v2\/categories?post=1715"},{"taxonomy":"post_tag","embeddable":true,"href":"https:\/\/www.yvelinesradio.com\/radio\/wp-json\/wp\/v2\/tags?post=1715"}],"curies":[{"name":"wp","href":"https:\/\/api.w.org\/{rel}","templated":true}]}}