{"id":1694,"date":"2025-04-05T00:00:00","date_gmt":"2025-04-05T00:00:00","guid":{"rendered":""},"modified":"2025-04-05T00:00:00","modified_gmt":"2025-04-05T00:00:00","slug":"20250407702226","status":"publish","type":"post","link":"https:\/\/www.yvelinesradio.com\/radio\/2025\/04\/05\/20250407702226\/","title":{"rendered":"\u00ab\u00a0LE MYST\u00c8RE OPHELIA\u00a0\u00bb Avant-Premi\u00e8re au LUCERNAIRE"},"content":{"rendered":"<figure class=\"wp-block-image size-full\"><img decoding=\"async\" src=\"https:\/\/www.yvelinesradio.com\/infos\/chroniques\/SORTIES_A_PARIS___LE_MYST_RE_OPHELIA__Avant_Premi_re_au_L__8059917320.png\"alt=\"\" class=\"wp-image-32\" \/><\/figure><figure class=\"wp-block-audio\"><audio controls src=\"https:\/\/www.yvelinesradio.com\/infos\/chroniques\/SORTIES_A_PARIS___LE_MYST_RE_OPHELIA__Avant_Premi_re_au_L__0860334253.mp3\"><\/audio><\/figure><p>Une repr\u00e9sentation unique et exceptionnelle au Th\u00e9\u00e2tre Le Lucernaire, pour pr\u00e9senter en avant-premi\u00e8re la nouvelle pi\u00e8ce de C\u00e9line DEVLLAND &#8211; \u00ab\u00a0LE MYST\u00c8RE OPHELIA\u00a0\u00bb, qui sera programm\u00e9e lors du prochain Festival Off en Avignon au Th\u00e9\u00e2tre des Corps Saints\r\n\r\n 04 84 51 25 75.\r\n\r\nNous avions beaucoup aim\u00e9 en 2021, \u00ab\u00a0\u00c0 ces Idiots qui osent R\u00eaver\u00a0\u00bb, d\u00e9j\u00e0 de C\u00e9line DEVALLAND, au Th\u00e9\u00e2tre de l&rsquo;Essa\u00efon.\r\n\r\n \r\n\r\n \u00ab Londres, 1850. Lizzie Siddal, jeune modiste, devient la muse d&rsquo;un petit groupe d&rsquo;artistes peintres, rebelles et romantiques, dit les Pr\u00e9rapha\u00e9lites, dont Rossetti et Millais sont les chefs de file. Rossetti, amoureux de Lizzie, est obs\u00e9d\u00e9 par sa beaut\u00e9 et la repr\u00e9sente en B\u00e9atrice, figure embl\u00e9matique de l&rsquo;amour courtois. Millais, quant \u00e0 lui, d\u00e9sire qu&rsquo;elle pose pour son futur tableau \u00ab Ophelia \u00bb. Exalt\u00e9e \u00e0 l&rsquo;id\u00e9e d&rsquo;incarner ce personnage, Lizzie se lance dans l&rsquo;aventure malgr\u00e9 les objections et craintes de Rossetti\u0085 Quel myst\u00e8re se cache donc derri\u00e8re cette destin\u00e9e si semblable \u00e0 celle de l&rsquo;h\u00e9ro\u00efne pour laquelle elle posa ? M\u00ealant th\u00e9\u00e2tre, peinture, po\u00e9sie et cin\u00e9ma, Le Myst\u00e8re Ophelia plonge le public au coeur d&rsquo;un mythe qui traverse les si\u00e8cles : celui d&rsquo;une femme qui aima avec passion, et qui, aspirant \u00e0 devenir artiste, se retrouva emprisonn\u00e9e dans ce tableau pour l&rsquo;\u00e9ternit\u00e9&#8230; Un texte cisel\u00e9, une mise en sc\u00e8ne d\u00e9licate avec des projections vid\u00e9o d&rsquo;une grande beaut\u00e9, une interpr\u00e9tation saisissante, passionn\u00e9e et raffin\u00e9e, font de cette histoire vraie et de ce voyage dans le temps un moment de th\u00e9\u00e2tre fascinant ! \u00bb\r\n\r\nCollaboration Artistique: Caroline DARNAY\r\n\r\nAvec:\r\n\r\nC\u00e9line DEVLLAND\r\n\r\nRomain ARNAUD-KNEISKY\r\n\r\n \r\n\r\nLumi\u00e8res\/Vid\u00e9os: Antoine LE GALLO\r\n\r\n \r\n\r\nlundi 7 AVRIL 2025 \u00e0 20h00\r\n\r\n \r\n\r\n\r\nTH\u00c9\u00c2TRE LE LUCERNAIRE\r\n\r\n01 45 44 57 34\r\n\r\n \r\n\r\n \r\n\r\nRobert BONNARDOT<\/p>","protected":false},"excerpt":{"rendered":"<p>Une repr\u00e9sentation unique et exceptionnelle au Th\u00e9\u00e2tre Le Lucernaire, pour pr\u00e9senter en avant-premi\u00e8re la nouvelle pi\u00e8ce de C\u00e9line DEVLLAND &#8211; \u00ab\u00a0LE MYST\u00c8RE OPHELIA\u00a0\u00bb, qui sera programm\u00e9e lors du prochain Festival Off en Avignon au Th\u00e9\u00e2tre des Corps Saints 04 84 51 25 75. Nous avions beaucoup aim\u00e9 en 2021, \u00ab\u00a0\u00c0 ces Idiots qui osent R\u00eaver\u00a0\u00bb, [&hellip;]<\/p>\n","protected":false},"author":11,"featured_media":0,"comment_status":"closed","ping_status":"open","sticky":false,"template":"","format":"standard","meta":{"footnotes":""},"categories":[],"tags":[],"_links":{"self":[{"href":"https:\/\/www.yvelinesradio.com\/radio\/wp-json\/wp\/v2\/posts\/1694"}],"collection":[{"href":"https:\/\/www.yvelinesradio.com\/radio\/wp-json\/wp\/v2\/posts"}],"about":[{"href":"https:\/\/www.yvelinesradio.com\/radio\/wp-json\/wp\/v2\/types\/post"}],"author":[{"embeddable":true,"href":"https:\/\/www.yvelinesradio.com\/radio\/wp-json\/wp\/v2\/users\/11"}],"replies":[{"embeddable":true,"href":"https:\/\/www.yvelinesradio.com\/radio\/wp-json\/wp\/v2\/comments?post=1694"}],"version-history":[{"count":0,"href":"https:\/\/www.yvelinesradio.com\/radio\/wp-json\/wp\/v2\/posts\/1694\/revisions"}],"wp:attachment":[{"href":"https:\/\/www.yvelinesradio.com\/radio\/wp-json\/wp\/v2\/media?parent=1694"}],"wp:term":[{"taxonomy":"category","embeddable":true,"href":"https:\/\/www.yvelinesradio.com\/radio\/wp-json\/wp\/v2\/categories?post=1694"},{"taxonomy":"post_tag","embeddable":true,"href":"https:\/\/www.yvelinesradio.com\/radio\/wp-json\/wp\/v2\/tags?post=1694"}],"curies":[{"name":"wp","href":"https:\/\/api.w.org\/{rel}","templated":true}]}}