{"id":1689,"date":"2025-04-01T00:00:00","date_gmt":"2025-04-01T00:00:00","guid":{"rendered":""},"modified":"2025-04-01T00:00:00","modified_gmt":"2025-04-01T00:00:00","slug":"20250404630952","status":"publish","type":"post","link":"https:\/\/www.yvelinesradio.com\/radio\/2025\/04\/01\/20250404630952\/","title":{"rendered":"\u00ab\u00a0UNE PEAU d&rsquo;\u00c2NE\u00a0\u00bb au FUNAMBULE MONTMARTRE"},"content":{"rendered":"<figure class=\"wp-block-image size-full\"><img decoding=\"async\" src=\"https:\/\/www.yvelinesradio.com\/infos\/chroniques\/SORTIES_A_PARIS___UNE_PEAU_d__NE__au_FUNAMBULE_MONTMARTRE__1366354366.jpg\"alt=\"\" class=\"wp-image-32\" \/><\/figure><figure class=\"wp-block-audio\"><audio controls src=\"https:\/\/www.yvelinesradio.com\/infos\/chroniques\/SORTIES_A_PARIS___UNE_PEAU_d__NE__au_FUNAMBULE_MONTMARTRE__1365380332.mp3\"><\/audio><\/figure><p>Un tr\u00e8s beau spectacle pour le jeune public, une talentueuse adaptation du conte de Charles PERRAULT, que nous devons \u00e0 B\u00e9atrice VINCENT.\r\n\r\nAvec:\r\n\r\nSophie PI\u00c9GELIN\r\n\r\nElisabeth URLIC\r\n\r\nB\u00e9atrice VINCENT\r\n\r\nUn univers enchanteur, qui va ravir les petits et ceux qui les accompagnent.\r\n\r\nCr\u00e9ation Images\/Manipulations: Sophie PI\u00c9GELIN\r\n\r\nCr\u00e9ation Musicale et au Violoncelle: Elisabeth URLIC\r\n\r\n \r\n\r\nCollaboration Artistique: Sandrine BRIARD &#038; Delphine AUGEREAU\r\n\r\n \r\n\r\nJusqu&rsquo;au 11 Juin 2025\r\n\r\nLes Mercredis \u00e0 14h00\r\n\r\nLes Samedis \u00e0 15h00\r\n\r\nLes Dimanches \u00e0 14h00\r\n\r\n(Pendant les prochaines vacances scolaires, des dates suppl\u00e9mentaires, voir sur le site du Th\u00e9\u00e2tre.)\r\n\r\n \r\n\r\nDur\u00e9e: 50 Minutes.\r\n\r\n \r\n\r\n \r\n\r\n\r\n \r\n\r\nTH\u00c9\u00c2TRE LE FUNAMBULE MONTMARTRE\r\n\r\n01 42 23 88 83\r\n\r\n \r\n\r\n \r\n\r\nRobert BONNARDOT<\/p>","protected":false},"excerpt":{"rendered":"<p>Un tr\u00e8s beau spectacle pour le jeune public, une talentueuse adaptation du conte de Charles PERRAULT, que nous devons \u00e0 B\u00e9atrice VINCENT. Avec: Sophie PI\u00c9GELIN Elisabeth URLIC B\u00e9atrice VINCENT Un univers enchanteur, qui va ravir les petits et ceux qui les accompagnent. Cr\u00e9ation Images\/Manipulations: Sophie PI\u00c9GELIN Cr\u00e9ation Musicale et au Violoncelle: Elisabeth URLIC Collaboration Artistique: [&hellip;]<\/p>\n","protected":false},"author":11,"featured_media":0,"comment_status":"closed","ping_status":"open","sticky":false,"template":"","format":"standard","meta":{"footnotes":""},"categories":[],"tags":[],"_links":{"self":[{"href":"https:\/\/www.yvelinesradio.com\/radio\/wp-json\/wp\/v2\/posts\/1689"}],"collection":[{"href":"https:\/\/www.yvelinesradio.com\/radio\/wp-json\/wp\/v2\/posts"}],"about":[{"href":"https:\/\/www.yvelinesradio.com\/radio\/wp-json\/wp\/v2\/types\/post"}],"author":[{"embeddable":true,"href":"https:\/\/www.yvelinesradio.com\/radio\/wp-json\/wp\/v2\/users\/11"}],"replies":[{"embeddable":true,"href":"https:\/\/www.yvelinesradio.com\/radio\/wp-json\/wp\/v2\/comments?post=1689"}],"version-history":[{"count":0,"href":"https:\/\/www.yvelinesradio.com\/radio\/wp-json\/wp\/v2\/posts\/1689\/revisions"}],"wp:attachment":[{"href":"https:\/\/www.yvelinesradio.com\/radio\/wp-json\/wp\/v2\/media?parent=1689"}],"wp:term":[{"taxonomy":"category","embeddable":true,"href":"https:\/\/www.yvelinesradio.com\/radio\/wp-json\/wp\/v2\/categories?post=1689"},{"taxonomy":"post_tag","embeddable":true,"href":"https:\/\/www.yvelinesradio.com\/radio\/wp-json\/wp\/v2\/tags?post=1689"}],"curies":[{"name":"wp","href":"https:\/\/api.w.org\/{rel}","templated":true}]}}