{"id":1684,"date":"2025-03-31T00:00:00","date_gmt":"2025-03-31T00:00:00","guid":{"rendered":""},"modified":"2025-03-31T00:00:00","modified_gmt":"2025-03-31T00:00:00","slug":"2025040253258","status":"publish","type":"post","link":"https:\/\/www.yvelinesradio.com\/radio\/2025\/03\/31\/2025040253258\/","title":{"rendered":"\u00ab\u00a0MAUPASSANT HORS-CHAMP\u00a0\u00bb"},"content":{"rendered":"<figure class=\"wp-block-image size-full\"><img decoding=\"async\" src=\"https:\/\/www.yvelinesradio.com\/infos\/chroniques\/SORTIES_A_PARIS___MAUPASSANT_HORS_CHAMP___6279661499.55.50.png\"alt=\"\" class=\"wp-image-32\" \/><\/figure><figure class=\"wp-block-audio\"><audio controls src=\"https:\/\/www.yvelinesradio.com\/infos\/chroniques\/SORTIES_A_PARIS___MAUPASSANT_HORS_CHAMP___8988804387.mp3\"><\/audio><\/figure><p>Un spectacle inspir\u00e9 de la Nouvelle de Guy de Maupassant: \u00ab\u00a0Aux Champs\u00a0\u00bb.\r\n\r\nDu th\u00e9\u00e2tre et du Flamenco.\r\n\r\n\r\n \r\n\r\nAvec:\r\n\r\nKarine HERROU GONZALEZ\r\n\r\nLouise LECLERC\r\n\r\nNati JAMES\r\n\r\nBastien SPITERI\r\n\r\nMagali PALI\u00c8S\r\n\r\nIsodoro FERNANDEZ ROMAN\r\n\r\nFran\u00e7ois ARIA\r\n\r\nEt en alternance: Paul BUTTIN &#038; Cristobal CORBEL\r\n\r\n \r\n\r\nDu 21 au 25 Mai 2025 \u00e0 20h30\r\n\r\nLe Dimanche \u00e0 17h00\r\n\r\n \r\n\r\nDur\u00e9e: 1h10\r\n\r\n \r\n\r\n\r\n \r\n\r\nTH\u00c9\u00c2TRE DE L&rsquo;OPPRIM\u00c9\r\n\r\n01 43 45 81 20\r\n\r\n \r\n\r\nRobert BONNARDOT<\/p>","protected":false},"excerpt":{"rendered":"<p>Un spectacle inspir\u00e9 de la Nouvelle de Guy de Maupassant: \u00ab\u00a0Aux Champs\u00a0\u00bb. Du th\u00e9\u00e2tre et du Flamenco. Avec: Karine HERROU GONZALEZ Louise LECLERC Nati JAMES Bastien SPITERI Magali PALI\u00c8S Isodoro FERNANDEZ ROMAN Fran\u00e7ois ARIA Et en alternance: Paul BUTTIN &#038; Cristobal CORBEL Du 21 au 25 Mai 2025 \u00e0 20h30 Le Dimanche \u00e0 17h00 Dur\u00e9e: [&hellip;]<\/p>\n","protected":false},"author":11,"featured_media":0,"comment_status":"closed","ping_status":"open","sticky":false,"template":"","format":"standard","meta":{"footnotes":""},"categories":[],"tags":[],"_links":{"self":[{"href":"https:\/\/www.yvelinesradio.com\/radio\/wp-json\/wp\/v2\/posts\/1684"}],"collection":[{"href":"https:\/\/www.yvelinesradio.com\/radio\/wp-json\/wp\/v2\/posts"}],"about":[{"href":"https:\/\/www.yvelinesradio.com\/radio\/wp-json\/wp\/v2\/types\/post"}],"author":[{"embeddable":true,"href":"https:\/\/www.yvelinesradio.com\/radio\/wp-json\/wp\/v2\/users\/11"}],"replies":[{"embeddable":true,"href":"https:\/\/www.yvelinesradio.com\/radio\/wp-json\/wp\/v2\/comments?post=1684"}],"version-history":[{"count":0,"href":"https:\/\/www.yvelinesradio.com\/radio\/wp-json\/wp\/v2\/posts\/1684\/revisions"}],"wp:attachment":[{"href":"https:\/\/www.yvelinesradio.com\/radio\/wp-json\/wp\/v2\/media?parent=1684"}],"wp:term":[{"taxonomy":"category","embeddable":true,"href":"https:\/\/www.yvelinesradio.com\/radio\/wp-json\/wp\/v2\/categories?post=1684"},{"taxonomy":"post_tag","embeddable":true,"href":"https:\/\/www.yvelinesradio.com\/radio\/wp-json\/wp\/v2\/tags?post=1684"}],"curies":[{"name":"wp","href":"https:\/\/api.w.org\/{rel}","templated":true}]}}