{"id":1673,"date":"2025-03-25T00:00:00","date_gmt":"2025-03-25T00:00:00","guid":{"rendered":""},"modified":"2025-03-25T00:00:00","modified_gmt":"2025-03-25T00:00:00","slug":"20250329796962","status":"publish","type":"post","link":"https:\/\/www.yvelinesradio.com\/radio\/2025\/03\/25\/20250329796962\/","title":{"rendered":"\u00ab\u00a0LALALANGUE\u00a0\u00bb avec Fr\u00e9d\u00e9rique VORUZ"},"content":{"rendered":"<figure class=\"wp-block-image size-full\"><img decoding=\"async\" src=\"https:\/\/www.yvelinesradio.com\/infos\/chroniques\/SORTIES_A_PARIS___LALALANGUE__avec_Fr_d_rique_VORUZ__6174526829.jpg\"alt=\"\" class=\"wp-image-32\" \/><\/figure><figure class=\"wp-block-audio\"><audio controls src=\"https:\/\/www.yvelinesradio.com\/infos\/chroniques\/SORTIES_A_PARIS___LALALANGUE__avec_Fr_d_rique_VORUZ__9356291729.mp3\"><\/audio><\/figure><p>Un spectacle qui va s\u00e9duire certaines personnes que je connais, une belle id\u00e9e de Fr\u00e9d\u00e9rique VORUZ, que j&rsquo;avais beaucoup aim\u00e9 au Th\u00e9\u00e2tre du Rond-Point, et le spectacle \u00ab\u00a0Lalalangue\u00a0\u00bb, revient avec un nouveau souffle, au Th\u00e9\u00e2tre du Chariot.\r\n\r\n \r\n\r\nTexte, Jeu et Mise en Sc\u00e8ne: Fr\u00e9d\u00e9rique VORUZ\r\n\r\n \r\n\r\nLe p\u00e8re, premier de cord\u00e9e, entra\u00eene tout le monde dans sa chute. La m\u00e8re, fracass\u00e9e au bas des Calanques, sera amput\u00e9e d&rsquo;une jambe. \u00c0 l&rsquo;h\u00f4pital, elle promet de se venger sur les enfants. La petite derni\u00e8re paiera plein pot. Vingt ans d&rsquo;enfer dans une famille catho, Fr\u00e9d\u00e9rique doit visiter les SDF le dimanche, et retrouve sa chambre d\u00e9vast\u00e9e en rentrant de l&rsquo;\u00e9cole. Sa m\u00e8re voulait des gar\u00e7ons, elle la hait, la ruine. Biberonn\u00e9e aux n\u00e9vroses maternelles, Fr\u00e9d\u00e9rique rencontre la psychanalyse et la troupe du Th\u00e9\u00e2tre du Soleil. Aujourd&rsquo;hui, elle entonne des chansons de messe avec irr\u00e9v\u00e9rence, rit, empoigne la d\u00e9molition m\u00e9thodique v\u00e9cue, en fait une \u00ab confession h\u00e9ro\u00efque \u00bb, selon Ariane Mnouchkine, sous l&rsquo;oeil bienveillant de Simon Abkarian. Si la \u00ab lalangue \u00bb recoupe pour Jacques Lacan le champ lexical du dictionnaire familial et de ses traumas, Fr\u00e9d\u00e9rique Voruz rena\u00eet par la sc\u00e8ne et la psychanalyse. Une r\u00e9surrection \u00e9mancipatrice et joyeuse.\r\n\r\nCollaboration Artistique: Simon ABKARIAN\r\n\r\nDramaturgie: Franck PENDINO\r\n\r\nCr\u00e9ation Lumi\u00e8res: G\u00e9offroy ADRAGNA\r\n\r\nCr\u00e9ation Sons: Th\u00e9r\u00e8se SPIRTI\r\n\r\n \r\n\r\nDu 14 avril au 27 mai 2025\r\n\r\nLes Lundis et Mardis \u00e0 21h00\r\n\r\n \r\n\r\nDur\u00e9e: 1h25\r\n\r\n \r\n\r\n\r\n \r\n\r\nTH\u00c9\u00c2TRE DU CHARIOT\r\n\r\n01 48 05 52 44\r\n\r\n \r\n\r\n \r\n\r\nRobert BONNARDOT<\/p>","protected":false},"excerpt":{"rendered":"<p>Un spectacle qui va s\u00e9duire certaines personnes que je connais, une belle id\u00e9e de Fr\u00e9d\u00e9rique VORUZ, que j&rsquo;avais beaucoup aim\u00e9 au Th\u00e9\u00e2tre du Rond-Point, et le spectacle \u00ab\u00a0Lalalangue\u00a0\u00bb, revient avec un nouveau souffle, au Th\u00e9\u00e2tre du Chariot. Texte, Jeu et Mise en Sc\u00e8ne: Fr\u00e9d\u00e9rique VORUZ Le p\u00e8re, premier de cord\u00e9e, entra\u00eene tout le monde dans [&hellip;]<\/p>\n","protected":false},"author":11,"featured_media":0,"comment_status":"closed","ping_status":"open","sticky":false,"template":"","format":"standard","meta":{"footnotes":""},"categories":[],"tags":[],"_links":{"self":[{"href":"https:\/\/www.yvelinesradio.com\/radio\/wp-json\/wp\/v2\/posts\/1673"}],"collection":[{"href":"https:\/\/www.yvelinesradio.com\/radio\/wp-json\/wp\/v2\/posts"}],"about":[{"href":"https:\/\/www.yvelinesradio.com\/radio\/wp-json\/wp\/v2\/types\/post"}],"author":[{"embeddable":true,"href":"https:\/\/www.yvelinesradio.com\/radio\/wp-json\/wp\/v2\/users\/11"}],"replies":[{"embeddable":true,"href":"https:\/\/www.yvelinesradio.com\/radio\/wp-json\/wp\/v2\/comments?post=1673"}],"version-history":[{"count":0,"href":"https:\/\/www.yvelinesradio.com\/radio\/wp-json\/wp\/v2\/posts\/1673\/revisions"}],"wp:attachment":[{"href":"https:\/\/www.yvelinesradio.com\/radio\/wp-json\/wp\/v2\/media?parent=1673"}],"wp:term":[{"taxonomy":"category","embeddable":true,"href":"https:\/\/www.yvelinesradio.com\/radio\/wp-json\/wp\/v2\/categories?post=1673"},{"taxonomy":"post_tag","embeddable":true,"href":"https:\/\/www.yvelinesradio.com\/radio\/wp-json\/wp\/v2\/tags?post=1673"}],"curies":[{"name":"wp","href":"https:\/\/api.w.org\/{rel}","templated":true}]}}