{"id":1656,"date":"2025-03-17T00:00:00","date_gmt":"2025-03-17T00:00:00","guid":{"rendered":""},"modified":"2025-03-17T00:00:00","modified_gmt":"2025-03-17T00:00:00","slug":"20250322747029","status":"publish","type":"post","link":"https:\/\/www.yvelinesradio.com\/radio\/2025\/03\/17\/20250322747029\/","title":{"rendered":"\u00ab\u00a0RESPIRE et DANSE (Comme un papillon)\u00a0\u00bb"},"content":{"rendered":"<figure class=\"wp-block-image size-full\"><img decoding=\"async\" src=\"https:\/\/www.yvelinesradio.com\/infos\/chroniques\/SORTIES_A_PARIS___RESPIRE_et_DANSE__Comme_un_papillon____9723451442.jpg\"alt=\"\" class=\"wp-image-32\" \/><\/figure><figure class=\"wp-block-audio\"><audio controls src=\"https:\/\/www.yvelinesradio.com\/infos\/chroniques\/SORTIES_A_PARIS___RESPIRE_et_DANSE__Comme_un_papillon____3138060911.mp3\"><\/audio><\/figure><p>\u00ab\u00a0RESPIRE et DANSE, (comme un papillon)\u00a0\u00bb, c&rsquo;est une pi\u00e8ce th\u00e9\u00e2trale et chor\u00e9graphique, inspir\u00e9e d&rsquo;une histoire vraie, celle de Robin, un adolescent r\u00eaveur, atteint de troubles de la personnalit\u00e9.\r\n\r\nUn spectacle plein d&rsquo;\u00e9motions.\r\n\r\nIl a \u00e9t\u00e9 \u00e9crit et Mis en Sc\u00e8ne, par: \u00c9milie NICOLLE\r\n\r\nCollaboration Artistique: Sarah PUGIN;\r\n\r\n \r\n\r\nAvec:\r\n\r\nPablo BRUNEAU\r\n\r\nDorianne KOYALISSE\r\n\r\nMarie BUCAS-FRAN\u00c7AIS\r\n\r\nCl\u00e9ment BARBET\u00c9GUY\r\n\r\nOr\u00e9ade GAGNEUX-LAGR\u00c8ZE\r\n\r\nL\u00e9na WATTEZ\r\n\r\nElliot GIRAUD\r\n\r\nCl\u00e9mentine CHARDONNET\r\n\r\nNicolas CHAILLET\r\n\r\nViolette BERIZZI\r\n\r\n \r\n\r\nSc\u00e9nographie\/Lumi\u00e8res: \u00c9milie NICOLLE\r\n\r\nCostumes: \u00c9milie NICOLLE et Thora CHAILI\r\n\r\nMusiques\/Sons: Marie BUCAS, \u00c9milie NICOLLE, Thora CHAILI, Sarah PUGIN.\r\n\r\n \r\n\r\n5 et 19 Avril &#038; 17 et 31 Mai 2025\r\n\r\nLes Samedis \u00e0 14h30\r\n\r\n \r\n\r\nDur\u00e9e: 1h15\r\n\r\n \r\n\r\n\r\nTH\u00c9\u00c2TRE LE STUDIO H\u00c9BERTOT\r\n\r\n01 42 93 13 04\r\n\r\n \r\n\r\n \r\n\r\nRobert BONNARDOT<\/p>","protected":false},"excerpt":{"rendered":"<p>\u00ab\u00a0RESPIRE et DANSE, (comme un papillon)\u00a0\u00bb, c&rsquo;est une pi\u00e8ce th\u00e9\u00e2trale et chor\u00e9graphique, inspir\u00e9e d&rsquo;une histoire vraie, celle de Robin, un adolescent r\u00eaveur, atteint de troubles de la personnalit\u00e9. Un spectacle plein d&rsquo;\u00e9motions. Il a \u00e9t\u00e9 \u00e9crit et Mis en Sc\u00e8ne, par: \u00c9milie NICOLLE Collaboration Artistique: Sarah PUGIN; Avec: Pablo BRUNEAU Dorianne KOYALISSE Marie BUCAS-FRAN\u00c7AIS Cl\u00e9ment [&hellip;]<\/p>\n","protected":false},"author":11,"featured_media":0,"comment_status":"closed","ping_status":"open","sticky":false,"template":"","format":"standard","meta":{"footnotes":""},"categories":[],"tags":[],"_links":{"self":[{"href":"https:\/\/www.yvelinesradio.com\/radio\/wp-json\/wp\/v2\/posts\/1656"}],"collection":[{"href":"https:\/\/www.yvelinesradio.com\/radio\/wp-json\/wp\/v2\/posts"}],"about":[{"href":"https:\/\/www.yvelinesradio.com\/radio\/wp-json\/wp\/v2\/types\/post"}],"author":[{"embeddable":true,"href":"https:\/\/www.yvelinesradio.com\/radio\/wp-json\/wp\/v2\/users\/11"}],"replies":[{"embeddable":true,"href":"https:\/\/www.yvelinesradio.com\/radio\/wp-json\/wp\/v2\/comments?post=1656"}],"version-history":[{"count":0,"href":"https:\/\/www.yvelinesradio.com\/radio\/wp-json\/wp\/v2\/posts\/1656\/revisions"}],"wp:attachment":[{"href":"https:\/\/www.yvelinesradio.com\/radio\/wp-json\/wp\/v2\/media?parent=1656"}],"wp:term":[{"taxonomy":"category","embeddable":true,"href":"https:\/\/www.yvelinesradio.com\/radio\/wp-json\/wp\/v2\/categories?post=1656"},{"taxonomy":"post_tag","embeddable":true,"href":"https:\/\/www.yvelinesradio.com\/radio\/wp-json\/wp\/v2\/tags?post=1656"}],"curies":[{"name":"wp","href":"https:\/\/api.w.org\/{rel}","templated":true}]}}