{"id":1653,"date":"2025-03-18T00:00:00","date_gmt":"2025-03-18T00:00:00","guid":{"rendered":""},"modified":"2025-03-18T00:00:00","modified_gmt":"2025-03-18T00:00:00","slug":"20250322120648","status":"publish","type":"post","link":"https:\/\/www.yvelinesradio.com\/radio\/2025\/03\/18\/20250322120648\/","title":{"rendered":"\u00ab\u00a0L\u00c9VE-TOI\u00a0\u00bb de et avec SARINA"},"content":{"rendered":"<figure class=\"wp-block-image size-full\"><img decoding=\"async\" src=\"https:\/\/www.yvelinesradio.com\/infos\/chroniques\/SORTIES_A_PARIS___L_VE_TOI__de_et_avec_SARINA__3677433520.jpg\"alt=\"\" class=\"wp-image-32\" \/><\/figure><figure class=\"wp-block-audio\"><audio controls src=\"https:\/\/www.yvelinesradio.com\/infos\/chroniques\/SORTIES_A_PARIS___L_VE_TOI__de_et_avec_SARINA__0009394265.mp3\"><\/audio><\/figure><p>\u00ab\u00a0L\u00c9VE-TOI\u00a0\u00bb de SARINA, jeune chanteuse Belge et aveugle, et toute petite, elle \u00e9tait anxieuse \u00e0 l&rsquo;id\u00e9e d&rsquo;\u00eatre r\u00e9duite \u00e0 son handicap.\r\n\r\nMais par chance, une tr\u00e8s gentille grand-m\u00e8re, a su lui donner de l&rsquo;espoir en la dirigeant vers la Musique !\r\n\r\nDe Nina SIMONE \u00e0 Billie EILISH ou Jos\u00e9phine BAKER, elle rend hommage \u00e0 tous ces mod\u00e8les qui ont chang\u00e9 le monde, gr\u00e2ce \u00e0 leur musique et \u00e0 leurs chansons !\r\n\r\nSARINA, chante, joue du Piano et de la Guitare.\r\n\r\nElle a d\u00e9cid\u00e9 de sa Mise en Sc\u00e8ne, avec la complicit\u00e9 de:\r\n\r\nTania GARBARSKI &#038; Charlie DUPONT\r\n\r\n \r\n\r\nSc\u00e9nographie: Nitsan COHN.\r\n\r\n \r\n\r\nDu 19 Mars au 21 Mai 2025\r\n\r\nLes Mercredis \u00e0  21h00\r\n\r\n(Rel\u00e2che le 26 Mars)\r\n\r\n \r\n\r\nDur\u00e9e: 1h00\r\n\r\n \r\n\r\n\r\n \r\n\r\nTH\u00c9\u00c2TRE DE L&rsquo;ESSA\u00cfON\r\n\r\nSalle Cabaret\r\n\r\n01 42 78 46 42\r\n\r\n \r\n\r\n \r\n\r\nRobert BONNARDOT<\/p>","protected":false},"excerpt":{"rendered":"<p>\u00ab\u00a0L\u00c9VE-TOI\u00a0\u00bb de SARINA, jeune chanteuse Belge et aveugle, et toute petite, elle \u00e9tait anxieuse \u00e0 l&rsquo;id\u00e9e d&rsquo;\u00eatre r\u00e9duite \u00e0 son handicap. Mais par chance, une tr\u00e8s gentille grand-m\u00e8re, a su lui donner de l&rsquo;espoir en la dirigeant vers la Musique ! De Nina SIMONE \u00e0 Billie EILISH ou Jos\u00e9phine BAKER, elle rend hommage \u00e0 tous [&hellip;]<\/p>\n","protected":false},"author":11,"featured_media":0,"comment_status":"closed","ping_status":"open","sticky":false,"template":"","format":"standard","meta":{"footnotes":""},"categories":[],"tags":[],"_links":{"self":[{"href":"https:\/\/www.yvelinesradio.com\/radio\/wp-json\/wp\/v2\/posts\/1653"}],"collection":[{"href":"https:\/\/www.yvelinesradio.com\/radio\/wp-json\/wp\/v2\/posts"}],"about":[{"href":"https:\/\/www.yvelinesradio.com\/radio\/wp-json\/wp\/v2\/types\/post"}],"author":[{"embeddable":true,"href":"https:\/\/www.yvelinesradio.com\/radio\/wp-json\/wp\/v2\/users\/11"}],"replies":[{"embeddable":true,"href":"https:\/\/www.yvelinesradio.com\/radio\/wp-json\/wp\/v2\/comments?post=1653"}],"version-history":[{"count":0,"href":"https:\/\/www.yvelinesradio.com\/radio\/wp-json\/wp\/v2\/posts\/1653\/revisions"}],"wp:attachment":[{"href":"https:\/\/www.yvelinesradio.com\/radio\/wp-json\/wp\/v2\/media?parent=1653"}],"wp:term":[{"taxonomy":"category","embeddable":true,"href":"https:\/\/www.yvelinesradio.com\/radio\/wp-json\/wp\/v2\/categories?post=1653"},{"taxonomy":"post_tag","embeddable":true,"href":"https:\/\/www.yvelinesradio.com\/radio\/wp-json\/wp\/v2\/tags?post=1653"}],"curies":[{"name":"wp","href":"https:\/\/api.w.org\/{rel}","templated":true}]}}