{"id":1648,"date":"2025-03-17T00:00:00","date_gmt":"2025-03-17T00:00:00","guid":{"rendered":""},"modified":"2025-03-17T00:00:00","modified_gmt":"2025-03-17T00:00:00","slug":"20250318212526","status":"publish","type":"post","link":"https:\/\/www.yvelinesradio.com\/radio\/2025\/03\/17\/20250318212526\/","title":{"rendered":"\u00ab\u00a0LE BOURGEOIS GENTILHOMME\u00a0\u00bb au Lucernaire"},"content":{"rendered":"<figure class=\"wp-block-image size-full\"><img decoding=\"async\" src=\"https:\/\/www.yvelinesradio.com\/infos\/chroniques\/SORTIES_A_PARIS___LE_BOURGEOIS_GENTILHOMME__au_Lucernaire__5333906689.jpg\"alt=\"\" class=\"wp-image-32\" \/><\/figure><figure class=\"wp-block-audio\"><audio controls src=\"https:\/\/www.yvelinesradio.com\/infos\/chroniques\/SORTIES_A_PARIS___LE_BOURGEOIS_GENTILHOMME__au_Lucernaire__2930907938.mp3\"><\/audio><\/figure><p>J&rsquo;ai eu deux professeurs de Lettres, dans ma scolarit\u00e9. Le premier \u00e0 Janson-de-Sailly, Monsieur Barloy, que j&rsquo;ai partag\u00e9 avec Laurent Souchon et Jean-Louis Borloo, et Monsieur Quervelle, que j&rsquo;ai &#8211; lui &#8211; partag\u00e9 au Cours Hattemer, avec Anne Sainclair et V\u00e9ronique Sanson.\r\n\r\nAucun des deux, ne m&rsquo;a pr\u00e9sent\u00e9 \u00ab\u00a0Cyrano\u00a0\u00bb ou \u00ab\u00a0Le Bourgeois Gentilhomme\u00a0\u00bb, comme a su le faire Bastien OSSART;\r\n\r\nIl y avait beaucoup de tr\u00e8s jeunes gens dans la salle, en ce dimanche  16 Mars, et ils ont eu la chance de d\u00e9couvrir un texte, et une Mise en Sc\u00e8ne, tr\u00e8s proche de ce que Moli\u00e8re aurait aim\u00e9 pr\u00e9senter.\r\n\r\nAdroitement, on y a gliss\u00e9 les paroles d&rsquo;une chanson de Johnny Hallyday, et on a aussi rendu un hommage \u00e0 Annie Cordy.\r\n\r\nJ&rsquo;ai applaudi, nombre des com\u00e9diens de cette distribution, dans d&rsquo;autres affiches, ils sont tous d&rsquo;un talent fou, et nous proposent un spectacle, qu&rsquo;il ne faut surtout pas rater, c&rsquo;est un v\u00e9ritable moment enchanteur !!!\r\n\r\nL&rsquo;occasion de vous dire, de ne pas bouder votre plaisir, je vous promets une bonne soir\u00e9e,  qui ne vous laisse pas un instant de r\u00e9pit, C&rsquo;est un petit bijou !!!\r\n\r\nAdaptation et Mise en Sc\u00e8ne: Bastien OSSART\r\n\r\nAvec:\r\n\r\nNicolas QUELQUEJAY\r\n\r\nIana SERENA DE FREITAS ou Joyce FRANRENET\r\n\r\nLiwen LIANG-GELAS ou Lauren CHEKMAN\r\n\r\nMathilde GU\u00caTR\u00c9-RGUIEG ou Marine LANSMAN\r\n\r\n \r\n\r\nLumi\u00e8res: Florian DERVAL\r\n\r\nCostumes: Th\u00e9\u00e2tre Les Pieds Nus (Une vraie r\u00e9ussite !)\r\n\r\nUne Musique omni-pr\u00e9sente, fascinante !\r\n\r\n \r\n\r\nDu Mercredi au Samedi \u00e0 21h00\r\n\r\nLes Dimanches \u00e0 18h00\r\n\r\n \r\n\r\nDur\u00e9e: 1h40\r\n\r\n \r\n\r\nJusqu&rsquo;au 18 Mai 2025\r\n\r\n\r\n \r\n\r\nTH\u00c9\u00c2TRE LE LUCERNAIRE\r\n\r\n01 45 44 57 34\r\n\r\n \r\n\r\nRobert BONNARDOT\r\n\r\n<\/p>","protected":false},"excerpt":{"rendered":"<p>J&rsquo;ai eu deux professeurs de Lettres, dans ma scolarit\u00e9. Le premier \u00e0 Janson-de-Sailly, Monsieur Barloy, que j&rsquo;ai partag\u00e9 avec Laurent Souchon et Jean-Louis Borloo, et Monsieur Quervelle, que j&rsquo;ai &#8211; lui &#8211; partag\u00e9 au Cours Hattemer, avec Anne Sainclair et V\u00e9ronique Sanson. Aucun des deux, ne m&rsquo;a pr\u00e9sent\u00e9 \u00ab\u00a0Cyrano\u00a0\u00bb ou \u00ab\u00a0Le Bourgeois Gentilhomme\u00a0\u00bb, comme a [&hellip;]<\/p>\n","protected":false},"author":11,"featured_media":0,"comment_status":"closed","ping_status":"open","sticky":false,"template":"","format":"standard","meta":{"footnotes":""},"categories":[],"tags":[],"_links":{"self":[{"href":"https:\/\/www.yvelinesradio.com\/radio\/wp-json\/wp\/v2\/posts\/1648"}],"collection":[{"href":"https:\/\/www.yvelinesradio.com\/radio\/wp-json\/wp\/v2\/posts"}],"about":[{"href":"https:\/\/www.yvelinesradio.com\/radio\/wp-json\/wp\/v2\/types\/post"}],"author":[{"embeddable":true,"href":"https:\/\/www.yvelinesradio.com\/radio\/wp-json\/wp\/v2\/users\/11"}],"replies":[{"embeddable":true,"href":"https:\/\/www.yvelinesradio.com\/radio\/wp-json\/wp\/v2\/comments?post=1648"}],"version-history":[{"count":0,"href":"https:\/\/www.yvelinesradio.com\/radio\/wp-json\/wp\/v2\/posts\/1648\/revisions"}],"wp:attachment":[{"href":"https:\/\/www.yvelinesradio.com\/radio\/wp-json\/wp\/v2\/media?parent=1648"}],"wp:term":[{"taxonomy":"category","embeddable":true,"href":"https:\/\/www.yvelinesradio.com\/radio\/wp-json\/wp\/v2\/categories?post=1648"},{"taxonomy":"post_tag","embeddable":true,"href":"https:\/\/www.yvelinesradio.com\/radio\/wp-json\/wp\/v2\/tags?post=1648"}],"curies":[{"name":"wp","href":"https:\/\/api.w.org\/{rel}","templated":true}]}}