{"id":1641,"date":"2025-03-13T00:00:00","date_gmt":"2025-03-13T00:00:00","guid":{"rendered":""},"modified":"2025-03-13T00:00:00","modified_gmt":"2025-03-13T00:00:00","slug":"20250316231736","status":"publish","type":"post","link":"https:\/\/www.yvelinesradio.com\/radio\/2025\/03\/13\/20250316231736\/","title":{"rendered":"Championnat de France de Vol relatif \u00e0 l&rsquo;AEROKART"},"content":{"rendered":"<figure class=\"wp-block-image size-full\"><img decoding=\"async\" src=\"https:\/\/www.yvelinesradio.com\/infos\/chroniques\/SORTIES_A_PARIS__Championnat_de_France_de_Vol_relatif___l__4037205003.jfif\"alt=\"\" class=\"wp-image-32\" \/><\/figure><figure class=\"wp-block-audio\"><audio controls src=\"https:\/\/www.yvelinesradio.com\/infos\/chroniques\/SORTIES_A_PARIS__Championnat_de_France_de_Vol_relatif___l__9795576419.mp3\"><\/audio><\/figure><p>J&rsquo;ai d\u00e9j\u00e0 parl\u00e9 plusieurs fois de cet AEROKART, une adresse o\u00f9 vous pouvez tourner sur un circuit \u00ab\u00a0in door\u00a0\u00bb de Karting, mais de plus une soufflerie vous permet de voler comme un oiseau, c&rsquo;est fantastique !!!\r\n\r\nLes 18 et 19 Mars 2025, AEROKART accueille le Championnat de France de Vol Relatif \u00e0 3 et \u00e0 4.\r\n\r\nDes performances a\u00e9riennes,  un v\u00e9ritable spectacle, tout \u00e0 fait admirable et passionnant !\r\n\r\nNe boudez pas votre plaisir !!\r\n\r\n \r\n\r\nAEROKART\r\n\r\n199-203, Route de Pontoise\r\n\r\n95100 ARGENTEUIL\r\n\r\n \r\n\r\n \r\n\r\n \r\n\r\n&quot;Championnat de France de Vol Relatif&quot; \u00e0 l&rsquo;AEROKART&quot;Championnat de France de Vol Relatif&quot; \u00e0 l&rsquo;AEROKART\r\n\r\n \r\n\r\nAEROKART\r\n\r\n01 30 25 71 90\r\n\r\n \r\n\r\nRobert BONNARDOT<\/p>","protected":false},"excerpt":{"rendered":"<p>J&rsquo;ai d\u00e9j\u00e0 parl\u00e9 plusieurs fois de cet AEROKART, une adresse o\u00f9 vous pouvez tourner sur un circuit \u00ab\u00a0in door\u00a0\u00bb de Karting, mais de plus une soufflerie vous permet de voler comme un oiseau, c&rsquo;est fantastique !!! Les 18 et 19 Mars 2025, AEROKART accueille le Championnat de France de Vol Relatif \u00e0 3 et \u00e0 [&hellip;]<\/p>\n","protected":false},"author":11,"featured_media":0,"comment_status":"closed","ping_status":"open","sticky":false,"template":"","format":"standard","meta":{"footnotes":""},"categories":[],"tags":[],"_links":{"self":[{"href":"https:\/\/www.yvelinesradio.com\/radio\/wp-json\/wp\/v2\/posts\/1641"}],"collection":[{"href":"https:\/\/www.yvelinesradio.com\/radio\/wp-json\/wp\/v2\/posts"}],"about":[{"href":"https:\/\/www.yvelinesradio.com\/radio\/wp-json\/wp\/v2\/types\/post"}],"author":[{"embeddable":true,"href":"https:\/\/www.yvelinesradio.com\/radio\/wp-json\/wp\/v2\/users\/11"}],"replies":[{"embeddable":true,"href":"https:\/\/www.yvelinesradio.com\/radio\/wp-json\/wp\/v2\/comments?post=1641"}],"version-history":[{"count":0,"href":"https:\/\/www.yvelinesradio.com\/radio\/wp-json\/wp\/v2\/posts\/1641\/revisions"}],"wp:attachment":[{"href":"https:\/\/www.yvelinesradio.com\/radio\/wp-json\/wp\/v2\/media?parent=1641"}],"wp:term":[{"taxonomy":"category","embeddable":true,"href":"https:\/\/www.yvelinesradio.com\/radio\/wp-json\/wp\/v2\/categories?post=1641"},{"taxonomy":"post_tag","embeddable":true,"href":"https:\/\/www.yvelinesradio.com\/radio\/wp-json\/wp\/v2\/tags?post=1641"}],"curies":[{"name":"wp","href":"https:\/\/api.w.org\/{rel}","templated":true}]}}