{"id":1634,"date":"2025-03-08T00:00:00","date_gmt":"2025-03-08T00:00:00","guid":{"rendered":""},"modified":"2025-03-08T00:00:00","modified_gmt":"2025-03-08T00:00:00","slug":"20250312134517","status":"publish","type":"post","link":"https:\/\/www.yvelinesradio.com\/radio\/2025\/03\/08\/20250312134517\/","title":{"rendered":"\u00ab\u00a0&lsquo;JE M&rsquo;APPELLE GEORGES! &#8230;Et vous?\u00a0\u00bb"},"content":{"rendered":"<figure class=\"wp-block-image size-full\"><img decoding=\"async\" src=\"https:\/\/www.yvelinesradio.com\/infos\/chroniques\/SORTIES_A_PARIS____JE_M_APPELLE_GEORGES_____Et_vous____5438363916.jpg\"alt=\"\" class=\"wp-image-32\" \/><\/figure><figure class=\"wp-block-audio\"><audio controls src=\"https:\/\/www.yvelinesradio.com\/infos\/chroniques\/SORTIES_A_PARIS____JE_M_APPELLE_GEORGES_____Et_vous____5546486860.mp3\"><\/audio><\/figure><p>Une vraie com\u00e9die, qui est une totale r\u00e9ussite ! Un texte savoureux, une distribution talentueuse, une belle Mise en Sc\u00e8ne, et une nouvelle fois, un habillage vid\u00e9o  de L\u00c9ONARD, qui fait merveille..\r\n\r\nUn petit bijou, \u00e0 ne pas rater !\r\n\r\n(Quel dommage que toutes les secondes parties des repr\u00e9sentations de ce th\u00e9\u00e2tre, et malgr\u00e9 le beau travail des ouvreuses, commence toujours tr\u00e8s en retard&#8230;)\r\n\r\nLe Pitch: Georges, s&rsquo;aper\u00e7oit que toutes les r\u00e9sidences de Chatenay-Malabry, portent toutes le nom de l&rsquo;une de ses ex?&#8230;\r\n\r\nAlors, la prochaine pr\u00e9vue, va t-elle \u00eatre celle de son prochain grand amour?\r\n\r\nCette com\u00e9die, m&rsquo;a fait penser, \u00e0 une bande dessin\u00e9e, que j&rsquo;aurais aim\u00e9 lire.\r\n\r\nDes r\u00e9pliques savoureuses, des clins d&rsquo;oeil \u00e0 des textes que tout le monde a fredonn\u00e9, cel\u00e0 fait longtemps que je n&rsquo;avais pas pris autant de plaisir, et je n&rsquo;\u00e9tais pas le seul ce soir ! \r\n\r\nR\u00e9servez vite !\r\n\r\nUn texte de: Gilles DYREK\r\n\r\nAvec:\r\n\r\nM\u00e9lanie PAGE\r\n\r\nGr\u00e9gori BAQUET\r\n\r\nMarine DUSEHU\r\n\r\nSt\u00e9phane ROUX\r\n\r\n\u00c9tienne LAUNAY\r\n\r\n \r\n\r\nSc\u00e9nographie: Marie HERV\u00c9\r\n\r\nIllustration: Marion AUVIN\r\n\r\nMusique: St\u00e9phane ISIDORE\r\n\r\nCr\u00e9ations Lumi\u00e8res: Cyril MANETTA\r\n\r\nChor\u00e9graphies: Florentine HOUDINI\u00c8RE\r\n\r\nCostumes: Christine VILERS\r\n\r\nVid\u00e9o: L\u00c9ONARD\r\n\r\n \r\n\r\nMise en Sc\u00e8ne: \u00c9ric BU, assist\u00e9 de Sophie BOUTEILLER\r\n\r\n \r\n\r\nDur\u00e9e: 1h30\r\n\r\n \r\n\r\nDu Mercredi au Samedi \u00e0 21h00\r\n\r\nLes Dimanches \u00e0 17h00\r\n\r\n \r\n\r\n\r\nTH\u00c9\u00c2TRE ACTUEL LA BRUY\u00c8RE\r\n\r\n01 48 74 76 99\r\n\r\n \r\n\r\nRobert BONNARDOT\r\n\r\n<\/p>","protected":false},"excerpt":{"rendered":"<p>Une vraie com\u00e9die, qui est une totale r\u00e9ussite ! Un texte savoureux, une distribution talentueuse, une belle Mise en Sc\u00e8ne, et une nouvelle fois, un habillage vid\u00e9o de L\u00c9ONARD, qui fait merveille.. Un petit bijou, \u00e0 ne pas rater ! (Quel dommage que toutes les secondes parties des repr\u00e9sentations de ce th\u00e9\u00e2tre, et malgr\u00e9 le [&hellip;]<\/p>\n","protected":false},"author":11,"featured_media":0,"comment_status":"closed","ping_status":"open","sticky":false,"template":"","format":"standard","meta":{"footnotes":""},"categories":[],"tags":[],"_links":{"self":[{"href":"https:\/\/www.yvelinesradio.com\/radio\/wp-json\/wp\/v2\/posts\/1634"}],"collection":[{"href":"https:\/\/www.yvelinesradio.com\/radio\/wp-json\/wp\/v2\/posts"}],"about":[{"href":"https:\/\/www.yvelinesradio.com\/radio\/wp-json\/wp\/v2\/types\/post"}],"author":[{"embeddable":true,"href":"https:\/\/www.yvelinesradio.com\/radio\/wp-json\/wp\/v2\/users\/11"}],"replies":[{"embeddable":true,"href":"https:\/\/www.yvelinesradio.com\/radio\/wp-json\/wp\/v2\/comments?post=1634"}],"version-history":[{"count":0,"href":"https:\/\/www.yvelinesradio.com\/radio\/wp-json\/wp\/v2\/posts\/1634\/revisions"}],"wp:attachment":[{"href":"https:\/\/www.yvelinesradio.com\/radio\/wp-json\/wp\/v2\/media?parent=1634"}],"wp:term":[{"taxonomy":"category","embeddable":true,"href":"https:\/\/www.yvelinesradio.com\/radio\/wp-json\/wp\/v2\/categories?post=1634"},{"taxonomy":"post_tag","embeddable":true,"href":"https:\/\/www.yvelinesradio.com\/radio\/wp-json\/wp\/v2\/tags?post=1634"}],"curies":[{"name":"wp","href":"https:\/\/api.w.org\/{rel}","templated":true}]}}