{"id":1633,"date":"2025-03-08T00:00:00","date_gmt":"2025-03-08T00:00:00","guid":{"rendered":""},"modified":"2025-03-08T00:00:00","modified_gmt":"2025-03-08T00:00:00","slug":"20250312750619","status":"publish","type":"post","link":"https:\/\/www.yvelinesradio.com\/radio\/2025\/03\/08\/20250312750619\/","title":{"rendered":"\u00ab\u00a0FESTIVAL VAL du RIRE\u00a0\u00bb de SERRIS"},"content":{"rendered":"<figure class=\"wp-block-image size-full\"><img decoding=\"async\" src=\"https:\/\/www.yvelinesradio.com\/infos\/chroniques\/SORTIES_A_PARIS___FESTIVAL_VAL_du_RIRE__de_SERRIS__9418832768.jpg\"alt=\"\" class=\"wp-image-32\" \/><\/figure><figure class=\"wp-block-audio\"><audio controls src=\"https:\/\/www.yvelinesradio.com\/infos\/chroniques\/SORTIES_A_PARIS___FESTIVAL_VAL_du_RIRE__de_SERRIS__4841730598.mp3\"><\/audio><\/figure><p>La prochaine \u00e9dition du \u00ab\u00a0FESTIVAL VAL de RIRE\u00a0\u00bb  \u00e0 SERRIS, aura lieu du 16 au 18 Mai 2025, avec:\r\n\r\nMarianne JAMES\r\n\r\nLaurie PERET\r\n\r\nJamel Comedy Club\r\n\r\nTanguy PASTUREAU\r\n\r\nBOOODER\r\n\r\net de jeunes humoristes, qui vont \u00eatre s\u00e9lectionn\u00e9s lors d&rsquo;auditions, et la prochaine se d\u00e9roulera le 12 Mars prochain, au Point-Virgule. Alors, si vous pensez pouvoir briguer, n&rsquo;h\u00e9sitez pas \u00e0 vous pr\u00e9senter !\r\n\r\nCe Festival se d\u00e9roulera \u00e0 \u00ab\u00a0LA FERME DES COMMUNES\u00a0\u00bb, le Centre Culturel de SERRIS (77700).\r\n\r\n \r\n\r\n\r\n \r\n\r\nLA FERME DES COMMUNES &#8211; Centre Culturel de SERRIS\r\n\r\n01 60 43 25 21\r\n\r\n \r\n\r\n \r\n\r\nRobert BONNARDOT<\/p>","protected":false},"excerpt":{"rendered":"<p>La prochaine \u00e9dition du \u00ab\u00a0FESTIVAL VAL de RIRE\u00a0\u00bb \u00e0 SERRIS, aura lieu du 16 au 18 Mai 2025, avec: Marianne JAMES Laurie PERET Jamel Comedy Club Tanguy PASTUREAU BOOODER et de jeunes humoristes, qui vont \u00eatre s\u00e9lectionn\u00e9s lors d&rsquo;auditions, et la prochaine se d\u00e9roulera le 12 Mars prochain, au Point-Virgule. Alors, si vous pensez pouvoir [&hellip;]<\/p>\n","protected":false},"author":11,"featured_media":0,"comment_status":"closed","ping_status":"open","sticky":false,"template":"","format":"standard","meta":{"footnotes":""},"categories":[],"tags":[],"_links":{"self":[{"href":"https:\/\/www.yvelinesradio.com\/radio\/wp-json\/wp\/v2\/posts\/1633"}],"collection":[{"href":"https:\/\/www.yvelinesradio.com\/radio\/wp-json\/wp\/v2\/posts"}],"about":[{"href":"https:\/\/www.yvelinesradio.com\/radio\/wp-json\/wp\/v2\/types\/post"}],"author":[{"embeddable":true,"href":"https:\/\/www.yvelinesradio.com\/radio\/wp-json\/wp\/v2\/users\/11"}],"replies":[{"embeddable":true,"href":"https:\/\/www.yvelinesradio.com\/radio\/wp-json\/wp\/v2\/comments?post=1633"}],"version-history":[{"count":0,"href":"https:\/\/www.yvelinesradio.com\/radio\/wp-json\/wp\/v2\/posts\/1633\/revisions"}],"wp:attachment":[{"href":"https:\/\/www.yvelinesradio.com\/radio\/wp-json\/wp\/v2\/media?parent=1633"}],"wp:term":[{"taxonomy":"category","embeddable":true,"href":"https:\/\/www.yvelinesradio.com\/radio\/wp-json\/wp\/v2\/categories?post=1633"},{"taxonomy":"post_tag","embeddable":true,"href":"https:\/\/www.yvelinesradio.com\/radio\/wp-json\/wp\/v2\/tags?post=1633"}],"curies":[{"name":"wp","href":"https:\/\/api.w.org\/{rel}","templated":true}]}}