{"id":1632,"date":"2025-03-09T00:00:00","date_gmt":"2025-03-09T00:00:00","guid":{"rendered":""},"modified":"2025-03-09T00:00:00","modified_gmt":"2025-03-09T00:00:00","slug":"20250312589917","status":"publish","type":"post","link":"https:\/\/www.yvelinesradio.com\/radio\/2025\/03\/09\/20250312589917\/","title":{"rendered":"\u00ab\u00a0LE PRIX\u00a0\u00bb au Th\u00e9\u00e2tre H\u00e9bertot"},"content":{"rendered":"<figure class=\"wp-block-image size-full\"><img decoding=\"async\" src=\"https:\/\/www.yvelinesradio.com\/infos\/chroniques\/SORTIES_A_PARIS___LE_PRIX__au_Th__tre_H_bertot__6749617645.jpg\"alt=\"\" class=\"wp-image-32\" \/><\/figure><figure class=\"wp-block-audio\"><audio controls src=\"https:\/\/www.yvelinesradio.com\/infos\/chroniques\/SORTIES_A_PARIS___LE_PRIX__au_Th__tre_H_bertot__3853250993.mp3\"><\/audio><\/figure><p>Nous sommes  le 10 d\u00e9cembre 1946, dans le Grand H\u00f4tel de Stockholm, o\u00f9 avant de recevoir le Prix Nobel de Chimie, Otto HAHN, re\u00e7oit la visite d&rsquo;une collaboratrice avec laquelle il a travaill\u00e9 pendant  plus de 30 ans&#8230;\r\n\r\nElle n&rsquo;est pas l\u00e0, pour le f\u00e9liciter, mais elle vient pour&#8230; r\u00e9gler des comptes&#8230;\r\n\r\nUne pi\u00e8ce de Cyril GELY\r\n\r\nUn duel \u00e0 fleurets mouchet\u00e9s, que nous font vivre deux l\u00e9gendes de la sc\u00e8ne th\u00e9\u00e2trale, c&rsquo;est intense et un grand moment de th\u00e9\u00e2tre, qui ravit une salle pleine !\r\n\r\nToutes les critiques vous le disent, ne laissez pas passer, cette affiche !\r\n\r\nAvec:\r\n\r\nPierre ARDITI\r\n\r\nLudmila MIKAEL \r\n\r\net,\r\n\r\nClara BORRAS\r\n\r\nEmmanuel GAURY\r\n\r\n \r\n\r\nD\u00e9cor: Juliette AZZOPARDI &#038; Jean-Bernard THIBAUD\r\n\r\nCostumes: Virginie H\r\n\r\nLumi\u00e8res: Denis SCHLEPP\r\n\r\nMusique: Romain TROUILLET\r\n\r\nVid\u00e9o: Mathias DELFAU\r\n\r\n \r\n\r\nMise en Sc\u00e8ne: Tristan PETITGIRARD\r\n\r\nassist\u00e9 de L\u00e9a MOUSSY\r\n\r\n \r\n\r\nDu Mercredi au Samedi \u00e0 21h00\r\n\r\nLes Dimanches \u00e0 16h00\r\n\r\n \r\n\r\nDur\u00e9e: 1h40\r\n\r\n \r\n\r\n\r\n \r\n\r\nTH\u00c9\u00c2TRE H\u00c9BERTOT\r\n\r\n01 43 87 23 23\r\n\r\n \r\n\r\n \r\n\r\nRobert BONNARDOT<\/p>","protected":false},"excerpt":{"rendered":"<p>Nous sommes le 10 d\u00e9cembre 1946, dans le Grand H\u00f4tel de Stockholm, o\u00f9 avant de recevoir le Prix Nobel de Chimie, Otto HAHN, re\u00e7oit la visite d&rsquo;une collaboratrice avec laquelle il a travaill\u00e9 pendant plus de 30 ans&#8230; Elle n&rsquo;est pas l\u00e0, pour le f\u00e9liciter, mais elle vient pour&#8230; r\u00e9gler des comptes&#8230; Une pi\u00e8ce de [&hellip;]<\/p>\n","protected":false},"author":11,"featured_media":0,"comment_status":"closed","ping_status":"open","sticky":false,"template":"","format":"standard","meta":{"footnotes":""},"categories":[],"tags":[],"_links":{"self":[{"href":"https:\/\/www.yvelinesradio.com\/radio\/wp-json\/wp\/v2\/posts\/1632"}],"collection":[{"href":"https:\/\/www.yvelinesradio.com\/radio\/wp-json\/wp\/v2\/posts"}],"about":[{"href":"https:\/\/www.yvelinesradio.com\/radio\/wp-json\/wp\/v2\/types\/post"}],"author":[{"embeddable":true,"href":"https:\/\/www.yvelinesradio.com\/radio\/wp-json\/wp\/v2\/users\/11"}],"replies":[{"embeddable":true,"href":"https:\/\/www.yvelinesradio.com\/radio\/wp-json\/wp\/v2\/comments?post=1632"}],"version-history":[{"count":0,"href":"https:\/\/www.yvelinesradio.com\/radio\/wp-json\/wp\/v2\/posts\/1632\/revisions"}],"wp:attachment":[{"href":"https:\/\/www.yvelinesradio.com\/radio\/wp-json\/wp\/v2\/media?parent=1632"}],"wp:term":[{"taxonomy":"category","embeddable":true,"href":"https:\/\/www.yvelinesradio.com\/radio\/wp-json\/wp\/v2\/categories?post=1632"},{"taxonomy":"post_tag","embeddable":true,"href":"https:\/\/www.yvelinesradio.com\/radio\/wp-json\/wp\/v2\/tags?post=1632"}],"curies":[{"name":"wp","href":"https:\/\/api.w.org\/{rel}","templated":true}]}}