{"id":1631,"date":"2025-03-09T00:00:00","date_gmt":"2025-03-09T00:00:00","guid":{"rendered":""},"modified":"2025-03-09T00:00:00","modified_gmt":"2025-03-09T00:00:00","slug":"20250312344498","status":"publish","type":"post","link":"https:\/\/www.yvelinesradio.com\/radio\/2025\/03\/09\/20250312344498\/","title":{"rendered":"\u00ab\u00a0ORGEUIL &#038; PR\u00c9JUG\u00c9S&#8230;(Ou Presque)\u00a0\u00bb"},"content":{"rendered":"<figure class=\"wp-block-image size-full\"><img decoding=\"async\" src=\"https:\/\/www.yvelinesradio.com\/infos\/chroniques\/SORTIES_A_PARIS___ORGEUIL___PR_JUG_S____Ou_Presque____9060519079.jpg\"alt=\"\" class=\"wp-image-32\" \/><\/figure><figure class=\"wp-block-audio\"><audio controls src=\"https:\/\/www.yvelinesradio.com\/infos\/chroniques\/SORTIES_A_PARIS___ORGEUIL___PR_JUG_S____Ou_Presque____6355383802.mp3\"><\/audio><\/figure><p>En sortant du Th\u00e9\u00e2tre SAINT-GEORGES, le 2 mars dernier, j&rsquo;ai vu une longue file d&rsquo;attente, pour le spectacle suivant.\r\n\r\nJe me suis alors dit, que ce th\u00e9\u00e2tre qui venait d&rsquo;\u00eatre repris, marchait tr\u00e8s bien, puisque je venais de quitter une salle quasi pleine.\r\n\r\nJe reviens dans le coin, quelques jours plus tard, pour aller dans un th\u00e9\u00e2tre voisin, et une nouvelle fois, une vraie foule attendait de rentrer dans le Th\u00e9\u00e2tre pour: \u00ab\u00a0ORGUEIL &#038; PR\u00c9JUG\u00c9S\u00a0\u00bb ( Ou presque&#8230;)\r\n\r\nEt je suis tr\u00e8s vite venu voir, ce petit bijou!\r\n\r\nUne adaptation tr\u00e8s libre du roman  de Jane AUSTEN (1775-1817), qui n&rsquo;aurait jamais imagin\u00e9 se trouver \u00e0 l&rsquo;affiche d&rsquo;un th\u00e9\u00e2tre parisien, quelques si\u00e8cles plus tard&#8230;\r\n\r\nUne premi\u00e8re adaptation de Isobel MCARTHUR, dont le titre original \u00e9tait: \u00ab\u00a0Pride and Prejudice (Sort of \u00ab\u00a0).\r\n\r\nContrairement au roman, tout est ici est du point de vue des femmes&#8230;\r\n\r\nQuand on sait que c&rsquo;est la talentueuse Virgnie HOCQ, qui m&rsquo;\u00e9tonne depuis tant d&rsquo;ann\u00e9es, qui en a fait l&rsquo;adaptation avec Jean-Marc VICTOR, on s&rsquo;attend \u00e0 une vraie r\u00e9ussite, et c&rsquo;est encore mieux que \u00e7a, un spectacle qui  est &#8211; et restera &#8211; inoubliable !\r\n\r\nPr\u00e9cipitez-vous, ne manquez pas une si belle opportunit\u00e9 de passer un agr\u00e9able moment !\r\n\r\nLe premier nom sur la liste de la distribution, m&rsquo;est familier, j&rsquo;ai eu la chance de l&rsquo;applaudir tr\u00e8s souvent, que ce soit \u00e0 la belle \u00e9poque de \u00ab\u00a0La Troupe \u00e0 Palmade\u00a0\u00bb, ou dans la pi\u00e8ce de Nicolas LUMBRERAS, \u00ab\u00a0Jean-Louis XIV\u00a0\u00bb:\r\n\r\nEmmanuelle BOUGEROL\r\n\r\nLucie BRUNET\r\n\r\nC\u00e9line ESPERIN\r\n\r\nMagali GENOUD\r\n\r\nAgn\u00e8s PAT&rsquo;\r\n\r\net Melody LINHART \u00e0 la guitare.\r\n\r\n \r\n\r\nSc\u00e9nographie: Caroline MEXME\r\n\r\nLumi\u00e8res: Cyril MANETTA\r\n\r\nCostumes: Marion REBMANN\r\n\r\nPerruques: Julie POULAIN\r\n\r\nMusique: Mehdi BOURAYOU\r\n\r\nChor\u00e9graphies: Johan NUS\r\n\r\n \r\n\r\nDu Mercredi au Samedi \u00e0 21h00\r\n\r\nLes Dimanches \u00e0 17h00\r\n\r\n \r\n\r\nDur\u00e9e: 1h40\r\n\r\n \r\n\r\n\r\n \r\n\r\nTH\u00c9\u00c2TRE SAINT-GEORGES\r\n\r\n01 43 87 23 23\r\n\r\n \r\n\r\n \r\n\r\nRobert BONNARDOT<\/p>","protected":false},"excerpt":{"rendered":"<p>En sortant du Th\u00e9\u00e2tre SAINT-GEORGES, le 2 mars dernier, j&rsquo;ai vu une longue file d&rsquo;attente, pour le spectacle suivant. Je me suis alors dit, que ce th\u00e9\u00e2tre qui venait d&rsquo;\u00eatre repris, marchait tr\u00e8s bien, puisque je venais de quitter une salle quasi pleine. Je reviens dans le coin, quelques jours plus tard, pour aller dans [&hellip;]<\/p>\n","protected":false},"author":11,"featured_media":0,"comment_status":"closed","ping_status":"open","sticky":false,"template":"","format":"standard","meta":{"footnotes":""},"categories":[],"tags":[],"_links":{"self":[{"href":"https:\/\/www.yvelinesradio.com\/radio\/wp-json\/wp\/v2\/posts\/1631"}],"collection":[{"href":"https:\/\/www.yvelinesradio.com\/radio\/wp-json\/wp\/v2\/posts"}],"about":[{"href":"https:\/\/www.yvelinesradio.com\/radio\/wp-json\/wp\/v2\/types\/post"}],"author":[{"embeddable":true,"href":"https:\/\/www.yvelinesradio.com\/radio\/wp-json\/wp\/v2\/users\/11"}],"replies":[{"embeddable":true,"href":"https:\/\/www.yvelinesradio.com\/radio\/wp-json\/wp\/v2\/comments?post=1631"}],"version-history":[{"count":0,"href":"https:\/\/www.yvelinesradio.com\/radio\/wp-json\/wp\/v2\/posts\/1631\/revisions"}],"wp:attachment":[{"href":"https:\/\/www.yvelinesradio.com\/radio\/wp-json\/wp\/v2\/media?parent=1631"}],"wp:term":[{"taxonomy":"category","embeddable":true,"href":"https:\/\/www.yvelinesradio.com\/radio\/wp-json\/wp\/v2\/categories?post=1631"},{"taxonomy":"post_tag","embeddable":true,"href":"https:\/\/www.yvelinesradio.com\/radio\/wp-json\/wp\/v2\/tags?post=1631"}],"curies":[{"name":"wp","href":"https:\/\/api.w.org\/{rel}","templated":true}]}}