{"id":1629,"date":"2025-03-10T00:00:00","date_gmt":"2025-03-10T00:00:00","guid":{"rendered":""},"modified":"2025-03-10T00:00:00","modified_gmt":"2025-03-10T00:00:00","slug":"20250312106253","status":"publish","type":"post","link":"https:\/\/www.yvelinesradio.com\/radio\/2025\/03\/10\/20250312106253\/","title":{"rendered":"\u00ab\u00a0TANGUEADA\u00a0\u00bb au Th\u00e9\u00e2tre de La Ville SARAH BERNHARDT"},"content":{"rendered":"<figure class=\"wp-block-image size-full\"><img decoding=\"async\" src=\"https:\/\/www.yvelinesradio.com\/infos\/chroniques\/SORTIES_A_PARIS___TANGUEADA__au_Th__tre_de_La_Ville_SARAH__7892814402.jfif\"alt=\"\" class=\"wp-image-32\" \/><\/figure><figure class=\"wp-block-audio\"><audio controls src=\"https:\/\/www.yvelinesradio.com\/infos\/chroniques\/SORTIES_A_PARIS___TANGUEADA__au_Th__tre_de_La_Ville_SARAH__5375409232.mp3\"><\/audio><\/figure><p>\u00ab\u00a0TANGUEADA\u00a0\u00bb, c&rsquo;est un concert-spectacle  qui m\u00eale de fa\u00e7on tr\u00e8s harmonieuse la Musique Classique et les rythmes du Tango Argentin.\r\n\r\nUn voyage musical color\u00e9, un total enchantement !\r\n\r\nIls se produiront au Th\u00e9\u00e2tre Sarah-Bernhardt les Mercredi 12 et Jeudi 13 Mars 2025 \u00e0 19h00.\r\n\r\n(On les annonce au Mois de mai, au Grand Th\u00e9\u00e2tre d&rsquo;Asni\u00e8res, et au Bal Blomet).\r\n\r\n\u00ab\u00a0TANGUEADA\u00a0\u00bb, vous est propos\u00e9 par Le MOSALINI TERUGGI CUARTO, compos\u00e9 de:\r\n\r\nJuanjo MOSALINI (Bandoleon)\r\n\r\nRomain DESCHARMES (Piano)\r\n\r\nS\u00e9bastien SUREL (Violon)\r\n\r\nL\u00e9onardo TERUGGI (Contrebasse)\r\n\r\n \r\n\r\nDur\u00e9e:  1h15\r\n\r\n \r\n\r\n\r\n \r\n\r\nTH\u00c9\u00c2TRE de La Ville &#8211; SARAH BERNHARDT\r\n\r\n01 42 74 22 77\r\n\r\n \r\n\r\n \r\n\r\nRobert BONNARDOT<\/p>","protected":false},"excerpt":{"rendered":"<p>\u00ab\u00a0TANGUEADA\u00a0\u00bb, c&rsquo;est un concert-spectacle qui m\u00eale de fa\u00e7on tr\u00e8s harmonieuse la Musique Classique et les rythmes du Tango Argentin. Un voyage musical color\u00e9, un total enchantement ! Ils se produiront au Th\u00e9\u00e2tre Sarah-Bernhardt les Mercredi 12 et Jeudi 13 Mars 2025 \u00e0 19h00. (On les annonce au Mois de mai, au Grand Th\u00e9\u00e2tre d&rsquo;Asni\u00e8res, et [&hellip;]<\/p>\n","protected":false},"author":11,"featured_media":0,"comment_status":"closed","ping_status":"open","sticky":false,"template":"","format":"standard","meta":{"footnotes":""},"categories":[],"tags":[],"_links":{"self":[{"href":"https:\/\/www.yvelinesradio.com\/radio\/wp-json\/wp\/v2\/posts\/1629"}],"collection":[{"href":"https:\/\/www.yvelinesradio.com\/radio\/wp-json\/wp\/v2\/posts"}],"about":[{"href":"https:\/\/www.yvelinesradio.com\/radio\/wp-json\/wp\/v2\/types\/post"}],"author":[{"embeddable":true,"href":"https:\/\/www.yvelinesradio.com\/radio\/wp-json\/wp\/v2\/users\/11"}],"replies":[{"embeddable":true,"href":"https:\/\/www.yvelinesradio.com\/radio\/wp-json\/wp\/v2\/comments?post=1629"}],"version-history":[{"count":0,"href":"https:\/\/www.yvelinesradio.com\/radio\/wp-json\/wp\/v2\/posts\/1629\/revisions"}],"wp:attachment":[{"href":"https:\/\/www.yvelinesradio.com\/radio\/wp-json\/wp\/v2\/media?parent=1629"}],"wp:term":[{"taxonomy":"category","embeddable":true,"href":"https:\/\/www.yvelinesradio.com\/radio\/wp-json\/wp\/v2\/categories?post=1629"},{"taxonomy":"post_tag","embeddable":true,"href":"https:\/\/www.yvelinesradio.com\/radio\/wp-json\/wp\/v2\/tags?post=1629"}],"curies":[{"name":"wp","href":"https:\/\/api.w.org\/{rel}","templated":true}]}}