{"id":1622,"date":"2025-03-10T00:00:00","date_gmt":"2025-03-10T00:00:00","guid":{"rendered":""},"modified":"2025-03-10T00:00:00","modified_gmt":"2025-03-10T00:00:00","slug":"20250312490020","status":"publish","type":"post","link":"https:\/\/www.yvelinesradio.com\/radio\/2025\/03\/10\/20250312490020\/","title":{"rendered":"Au pays des chansons"},"content":{"rendered":"<figure class=\"wp-block-image size-full\"><img decoding=\"async\" src=\"https:\/\/www.yvelinesradio.com\/infos\/emissions\/PIERRE_MINVIELLE_SEBASTIA__Au_pays_des_chansons__7439908666.jpg\"alt=\"\" class=\"wp-image-32\" \/><\/figure><figure class=\"wp-block-audio\"><audio controls src=\"https:\/\/www.yvelinesradio.com\/infos\/emissions\/PIERRE_MINVIELLE_SEBASTIA__Au_pays_des_chansons__3499049479.mp3\"><\/audio><\/figure><p>Figure embl\u00e9matique de la chanson fran\u00e7aise \u00ab \u00e0 texte \u00bb, avec une carri\u00e8re s&rsquo;\u00e9talant sur pr\u00e8s de sept d\u00e9cennies, elle est notamment c\u00e9l\u00e8bre pour avoir \u00e9t\u00e9 l&rsquo;interpr\u00e8te d&rsquo;auteurs tels que Raymond Queneau, Jean-Paul Sartre, Jacques Pr\u00e9vert, L\u00e9o Ferr\u00e9, Boris Vian, Guy B\u00e9art et Serge Gainsbourg.\r\n<\/p>","protected":false},"excerpt":{"rendered":"<p>Figure embl\u00e9matique de la chanson fran\u00e7aise \u00ab \u00e0 texte \u00bb, avec une carri\u00e8re s&rsquo;\u00e9talant sur pr\u00e8s de sept d\u00e9cennies, elle est notamment c\u00e9l\u00e8bre pour avoir \u00e9t\u00e9 l&rsquo;interpr\u00e8te d&rsquo;auteurs tels que Raymond Queneau, Jean-Paul Sartre, Jacques Pr\u00e9vert, L\u00e9o Ferr\u00e9, Boris Vian, Guy B\u00e9art et Serge Gainsbourg.<\/p>\n","protected":false},"author":16,"featured_media":0,"comment_status":"closed","ping_status":"open","sticky":false,"template":"","format":"standard","meta":{"footnotes":""},"categories":[],"tags":[],"_links":{"self":[{"href":"https:\/\/www.yvelinesradio.com\/radio\/wp-json\/wp\/v2\/posts\/1622"}],"collection":[{"href":"https:\/\/www.yvelinesradio.com\/radio\/wp-json\/wp\/v2\/posts"}],"about":[{"href":"https:\/\/www.yvelinesradio.com\/radio\/wp-json\/wp\/v2\/types\/post"}],"author":[{"embeddable":true,"href":"https:\/\/www.yvelinesradio.com\/radio\/wp-json\/wp\/v2\/users\/16"}],"replies":[{"embeddable":true,"href":"https:\/\/www.yvelinesradio.com\/radio\/wp-json\/wp\/v2\/comments?post=1622"}],"version-history":[{"count":0,"href":"https:\/\/www.yvelinesradio.com\/radio\/wp-json\/wp\/v2\/posts\/1622\/revisions"}],"wp:attachment":[{"href":"https:\/\/www.yvelinesradio.com\/radio\/wp-json\/wp\/v2\/media?parent=1622"}],"wp:term":[{"taxonomy":"category","embeddable":true,"href":"https:\/\/www.yvelinesradio.com\/radio\/wp-json\/wp\/v2\/categories?post=1622"},{"taxonomy":"post_tag","embeddable":true,"href":"https:\/\/www.yvelinesradio.com\/radio\/wp-json\/wp\/v2\/tags?post=1622"}],"curies":[{"name":"wp","href":"https:\/\/api.w.org\/{rel}","templated":true}]}}