{"id":1621,"date":"2025-03-06T00:00:00","date_gmt":"2025-03-06T00:00:00","guid":{"rendered":""},"modified":"2025-03-06T00:00:00","modified_gmt":"2025-03-06T00:00:00","slug":"20250308534819","status":"publish","type":"post","link":"https:\/\/www.yvelinesradio.com\/radio\/2025\/03\/06\/20250308534819\/","title":{"rendered":"\u00ab\u00a0LE JOURNAL\u00a0\u00bb Salle R\u00e9jane &#8211; TH\u00c9\u00c2TRE de PARIS"},"content":{"rendered":"<figure class=\"wp-block-image size-full\"><img decoding=\"async\" src=\"https:\/\/www.yvelinesradio.com\/infos\/chroniques\/SORTIES_A_PARIS___LE_JOURNAL__Salle_R_jane___TH__TRE_de_P__5989209424.jpg\"alt=\"\" class=\"wp-image-32\" \/><\/figure><figure class=\"wp-block-audio\"><audio controls src=\"https:\/\/www.yvelinesradio.com\/infos\/chroniques\/SORTIES_A_PARIS___LE_JOURNAL__Salle_R_jane___TH__TRE_de_P__3911948570.mp3\"><\/audio><\/figure><p>Un spectacle tr\u00e8s prenant, si proche de la v\u00e9rit\u00e9 que l&rsquo;on devine, c&rsquo;est une m\u00e9canique bien huil\u00e9e, qui nous transporte  dans les liens qui se tissent \u00e0 mots couverts, entre les Politiques et les Journalistes.\r\n\r\nLe Directeur d&rsquo;un journal influent, s&rsquo;appr\u00eate \u00e0 faire des r\u00e9v\u00e9lations sulfureuses sur un Ministre en exercice, mais il va \u00eatre arr\u00eat\u00e9 dans son \u00e9lan, par un \u00e9v\u00e9nement familial, qui va bouleverser sa vie&#8230;\r\n\r\nUne distribution \u00e9blouissante, qui nous tient en haleine, une fantastique m\u00e9canique th\u00e9\u00e2trale qui fait merveille.\r\n\r\n \r\n\r\nAvec:\r\n\r\nBruno PUTZULU\r\n\r\nBruno DEBRANDT\r\n\r\nBernard MALAKA\r\n\r\nCarolina JURCZAK\r\n\r\nOlivier CLAVERIE\r\n\r\n \r\n\r\nL&rsquo;auteur de ce petit bijou: Antoine BEAUQUIER\r\n\r\nD\u00e9cor: Citronelle DUFAY\r\n\r\nLumi\u00e8res: Denis KORANSKY\r\n\r\nCostumes: Claire SCHWARTZ\r\n\r\nMusique: Julien VASNIER\r\n\r\n \r\n\r\nMise en Sc\u00e8ne: La talentueuse Anne BOUVIER, asssist\u00e9e de C\u00e9sar DUMINIL.\r\n\r\nJusqu&rsquo;au 30 Avril 2025\r\n\r\nDu Mercredi au Samedi \u00e0 20h30\r\n\r\nMatin\u00e9es les Samedis \u00e0 17h00 et les Dimanches \u00e0 15h30\r\n\r\n \r\n\r\nDur\u00e9e: 1h30\r\n\r\n \r\n\r\n\r\n \r\n\r\nTH\u00c9\u00c2TRE DE PARIS\r\n\r\nSalle  R\u00e9jane\r\n\r\n01 86 47 72 49\r\n\r\n \r\n\r\n \r\n\r\nRobert BONNARDOT<\/p>","protected":false},"excerpt":{"rendered":"<p>Un spectacle tr\u00e8s prenant, si proche de la v\u00e9rit\u00e9 que l&rsquo;on devine, c&rsquo;est une m\u00e9canique bien huil\u00e9e, qui nous transporte dans les liens qui se tissent \u00e0 mots couverts, entre les Politiques et les Journalistes. Le Directeur d&rsquo;un journal influent, s&rsquo;appr\u00eate \u00e0 faire des r\u00e9v\u00e9lations sulfureuses sur un Ministre en exercice, mais il va \u00eatre [&hellip;]<\/p>\n","protected":false},"author":11,"featured_media":0,"comment_status":"closed","ping_status":"open","sticky":false,"template":"","format":"standard","meta":{"footnotes":""},"categories":[],"tags":[],"_links":{"self":[{"href":"https:\/\/www.yvelinesradio.com\/radio\/wp-json\/wp\/v2\/posts\/1621"}],"collection":[{"href":"https:\/\/www.yvelinesradio.com\/radio\/wp-json\/wp\/v2\/posts"}],"about":[{"href":"https:\/\/www.yvelinesradio.com\/radio\/wp-json\/wp\/v2\/types\/post"}],"author":[{"embeddable":true,"href":"https:\/\/www.yvelinesradio.com\/radio\/wp-json\/wp\/v2\/users\/11"}],"replies":[{"embeddable":true,"href":"https:\/\/www.yvelinesradio.com\/radio\/wp-json\/wp\/v2\/comments?post=1621"}],"version-history":[{"count":0,"href":"https:\/\/www.yvelinesradio.com\/radio\/wp-json\/wp\/v2\/posts\/1621\/revisions"}],"wp:attachment":[{"href":"https:\/\/www.yvelinesradio.com\/radio\/wp-json\/wp\/v2\/media?parent=1621"}],"wp:term":[{"taxonomy":"category","embeddable":true,"href":"https:\/\/www.yvelinesradio.com\/radio\/wp-json\/wp\/v2\/categories?post=1621"},{"taxonomy":"post_tag","embeddable":true,"href":"https:\/\/www.yvelinesradio.com\/radio\/wp-json\/wp\/v2\/tags?post=1621"}],"curies":[{"name":"wp","href":"https:\/\/api.w.org\/{rel}","templated":true}]}}