{"id":1620,"date":"2025-03-06T00:00:00","date_gmt":"2025-03-06T00:00:00","guid":{"rendered":""},"modified":"2025-03-06T00:00:00","modified_gmt":"2025-03-06T00:00:00","slug":"20250308391606","status":"publish","type":"post","link":"https:\/\/www.yvelinesradio.com\/radio\/2025\/03\/06\/20250308391606\/","title":{"rendered":"\u00ab\u00a0ROBERT, en EXAMEN\u00a0\u00bb \u00e0 LA COM\u00c9DIE SAINT-MICHEL"},"content":{"rendered":"<figure class=\"wp-block-image size-full\"><img decoding=\"async\" src=\"https:\/\/www.yvelinesradio.com\/infos\/chroniques\/SORTIES_A_PARIS___ROBERT__en_EXAMEN____LA_COM_DIE_SAINT_M__8212654304.png\"alt=\"\" class=\"wp-image-32\" \/><\/figure><figure class=\"wp-block-audio\"><audio controls src=\"https:\/\/www.yvelinesradio.com\/infos\/chroniques\/SORTIES_A_PARIS___ROBERT__en_EXAMEN____LA_COM_DIE_SAINT_M__5467881475.mp3\"><\/audio><\/figure><p>Un spectacle  que Robert VALBON, prom\u00e8ne en France, depuis 2018.\r\n\r\nIl s&rsquo;arr\u00eate cette fois-\u00e7i, \u00e0 La Com\u00e9die Saint-Michel.\r\n\r\nUn Seul-en-Sc\u00e8ne tr\u00e8s intime, provocateur, burlesque, et totalement autobiographique.\r\n\r\nIl s&rsquo;agit d&rsquo;\u00e9voquer les innombrables examens de soi-m\u00eame, que la vie nous impose&#8230;\r\n\r\n \r\n\r\nRobert VALBON, signe la Mise en Sc\u00e8ne.\r\n\r\nDu 7 Mars jusqu&rsquo;au 30 Juin 2025\r\n\r\nLes Vendredis \u00e0 21h30\r\n\r\nLes  Samedis \u00e0 19h45\r\n\r\n \r\n\r\nDur\u00e9e: 1h15\r\n\r\n \r\n\r\n\r\n \r\n\r\nCOM\u00c9DIE SAINT-MICHEL\r\n\r\n01 55 42 92 97\r\n\r\n \r\n\r\n \r\n\r\nRobert BONNARDOT<\/p>","protected":false},"excerpt":{"rendered":"<p>Un spectacle que Robert VALBON, prom\u00e8ne en France, depuis 2018. Il s&rsquo;arr\u00eate cette fois-\u00e7i, \u00e0 La Com\u00e9die Saint-Michel. Un Seul-en-Sc\u00e8ne tr\u00e8s intime, provocateur, burlesque, et totalement autobiographique. Il s&rsquo;agit d&rsquo;\u00e9voquer les innombrables examens de soi-m\u00eame, que la vie nous impose&#8230; Robert VALBON, signe la Mise en Sc\u00e8ne. Du 7 Mars jusqu&rsquo;au 30 Juin 2025 Les [&hellip;]<\/p>\n","protected":false},"author":11,"featured_media":0,"comment_status":"closed","ping_status":"open","sticky":false,"template":"","format":"standard","meta":{"footnotes":""},"categories":[],"tags":[],"_links":{"self":[{"href":"https:\/\/www.yvelinesradio.com\/radio\/wp-json\/wp\/v2\/posts\/1620"}],"collection":[{"href":"https:\/\/www.yvelinesradio.com\/radio\/wp-json\/wp\/v2\/posts"}],"about":[{"href":"https:\/\/www.yvelinesradio.com\/radio\/wp-json\/wp\/v2\/types\/post"}],"author":[{"embeddable":true,"href":"https:\/\/www.yvelinesradio.com\/radio\/wp-json\/wp\/v2\/users\/11"}],"replies":[{"embeddable":true,"href":"https:\/\/www.yvelinesradio.com\/radio\/wp-json\/wp\/v2\/comments?post=1620"}],"version-history":[{"count":0,"href":"https:\/\/www.yvelinesradio.com\/radio\/wp-json\/wp\/v2\/posts\/1620\/revisions"}],"wp:attachment":[{"href":"https:\/\/www.yvelinesradio.com\/radio\/wp-json\/wp\/v2\/media?parent=1620"}],"wp:term":[{"taxonomy":"category","embeddable":true,"href":"https:\/\/www.yvelinesradio.com\/radio\/wp-json\/wp\/v2\/categories?post=1620"},{"taxonomy":"post_tag","embeddable":true,"href":"https:\/\/www.yvelinesradio.com\/radio\/wp-json\/wp\/v2\/tags?post=1620"}],"curies":[{"name":"wp","href":"https:\/\/api.w.org\/{rel}","templated":true}]}}